{"id":2053,"date":"2022-02-25T11:27:55","date_gmt":"2022-02-25T10:27:55","guid":{"rendered":"https:\/\/imm.webs.upv.es\/?p=2053"},"modified":"2025-01-30T14:32:13","modified_gmt":"2025-01-30T13:32:13","slug":"charla-olga-gil-geometria-y-escultura-ciencia-y-arte-de-las-formas","status":"publish","type":"post","link":"https:\/\/imm.webs.upv.es\/ca\/charla-olga-gil-geometria-y-escultura-ciencia-y-arte-de-las-formas\/","title":{"rendered":"Xerrada Olga Gil: Geometr\u00eda y escultura: ciencia y arte de las formas"},"content":{"rendered":"<p>Amb motiu del Dia Internacional de la Dona (8 de mar\u00e7) i del Dia<br \/>\nInternacional de les Matem\u00e0tiques (14 de mar\u00e7), el Departament de<br \/>\nMatem\u00e0tica Aplicada (DMA), l&#8217;Institut Universitari de Matem\u00e0tica Pura i<br \/>\nAplicada (IUMPA) i l&#8217;Institut Universitari de Matem\u00e0tica<br \/>\nMultidisciplin\u00e0ria (IUMM) han organitzat, com \u00e9s tradici\u00f3 des de fa ja<br \/>\nalguns anys, la seg\u00fcent confer\u00e8ncia, a la qual us animem a assistir de<br \/>\nforma presencial, o si no us \u00e9s possible, de manera telem\u00e0tica (m\u00e9s a<br \/>\nbaix teniu l&#8217;enlla\u00e7 a la plataforma Teams).<\/p>\n<p>Ponent: <strong>Dra. Olga Gil Medrano<\/strong><br \/>\nT\u00edtol: <strong>Geometr\u00eda y escultura: ciencia y arte de las formas<\/strong><br \/>\nData: 12.45 hores del 10 de mar\u00e7 de 2022<br \/>\nLloc: Sala de projeccions de la l\u2019ETSA (Escola T\u00e8cnica Superior<br \/>\nd&#8217;Arquitectura) de la UPV<\/p>\n<p>Sobre la ponent: La Dra. Olga Gil Medrano \u00e9s catedr\u00e0tica jubiladade<br \/>\nl&#8217;\u00e0rea de Geometria i Topologia de la Universitat de Val\u00e8ncia (UV). La<br \/>\nseua investigaci\u00f3 s&#8217;ha centrat en problemes de Geometria Diferencial<br \/>\nutilitzant t\u00e8cniques d&#8217;An\u00e0lisis. Ha format part de diversos comit\u00e9s<br \/>\nnacionals i internacionals. Tamb\u00e9 ha ocupat diversos c\u00e0rrecs enla Reial<br \/>\nSocietat Matem\u00e0tica Espanyola (RSME), sent-ne la primera presidenta,<br \/>\ndurant el per\u00edode 2006-2009, en m\u00e9s de 110 anys d&#8217;hist\u00f2ria de la RSME.<br \/>\nLa Dra. Gil Medrano ha sigut vicerectora de Relacions Internacionals i<br \/>\nCooperaci\u00f3 de la UV i membre del Comit\u00e9 Executiu de la Societat Europea<br \/>\nde Matem\u00e0tiques. En el 2021 va ser guardona amb la medalla de la<br \/>\nRSME-Fundaci\u00f3 BBVA.<\/p>\n<p>Resum de la confer\u00e8ncia:<\/p>\n<p>La interacci\u00f3 entre art i matem\u00e0tiques \u00e9s ben coneguda i s&#8217;est\u00e9n a totes<br \/>\nles especialitats matem\u00e0tiques i a les diferents disciplines art\u00edstiques.<br \/>\nEn aquesta xarrada posarem el focus, principalment, en exemples de<br \/>\ntreballs escult\u00f2rics que tenen com a font d&#8217;inspiraci\u00f3 conceptes geom\u00e8trics.<br \/>\nRec\u00edprocament, aquestes obres d&#8217;art ens ajudaran a visualitzar alguns<br \/>\nresultats de geometria, com per exemple les propietats de les<br \/>\nsuperf\u00edcies reglades.<\/p>\n<p>Enlla\u00e7 Teams:<\/p>\n<div class=\"su-youtube su-u-responsive-media-no\"><iframe loading=\"lazy\" width=\"300\" height=\"200\" src=\"https:\/\/www.youtube.com\/embed\/c7qOprKx9Jw?\" frameborder=\"0\" allowfullscreen allow=\"autoplay; encrypted-media; picture-in-picture\" title=\"Charla Olga Gil Medrano - Geometr\u00eda y escultura: ciencia y arte de las formas\"><\/iframe><\/div>\n<p>Comit\u00e9 organitzador<\/p>\n<p>DMA-IUMPA-IUMM<\/p>\n","protected":false},"excerpt":{"rendered":"<p>Amb motiu del Dia Internacional de la Dona (8 de mar\u00e7) i del Dia Internacional de les Matem\u00e0tiques (14 de mar\u00e7), el Departament de Matem\u00e0tica Aplicada (DMA), l&#8217;Institut Universitari de Matem\u00e0tica Pura i Aplicada (IUMPA) i l&#8217;Institut Universitari de Matem\u00e0tica Multidisciplin\u00e0ria (IUMM) han organitzat, com \u00e9s tradici\u00f3 des de fa&#8230; <a class=\"continue-reading-link\" href=\"https:\/\/imm.webs.upv.es\/ca\/charla-olga-gil-geometria-y-escultura-ciencia-y-arte-de-las-formas\/\">Show more<\/a><\/p>\n","protected":false},"author":4,"featured_media":0,"comment_status":"closed","ping_status":"closed","sticky":false,"template":"","format":"standard","meta":{"ngg_post_thumbnail":0,"footnotes":""},"categories":[8],"tags":[],"class_list":["post-2053","post","type-post","status-publish","format-standard","hentry","category-talks-seminars"],"translation":{"provider":"WPGlobus","version":"3.0.2","language":"ca","enabled_languages":["en","ca","es"],"languages":{"en":{"title":true,"content":true,"excerpt":false},"ca":{"title":true,"content":true,"excerpt":false},"es":{"title":true,"content":true,"excerpt":false}}},"yoast_head":"<!-- This site is optimized with the Yoast SEO plugin v27.5 - https:\/\/yoast.com\/product\/yoast-seo-wordpress\/ -->\n<title>Xerrada Olga Gil: Geometr\u00eda y escultura: ciencia y arte de las formas - I. U. de Matem\u00e0tica Multidisciplin\u00e0ria<\/title>\n<meta name=\"robots\" content=\"index, follow, max-snippet:-1, max-image-preview:large, max-video-preview:-1\" \/>\n<link rel=\"canonical\" href=\"https:\/\/imm.webs.upv.es\/charla-olga-gil-geometria-y-escultura-ciencia-y-arte-de-las-formas\/\" \/>\n<meta property=\"og:locale\" content=\"ca_ES\" \/>\n<meta property=\"og:type\" content=\"article\" \/>\n<meta property=\"og:title\" content=\"Xerrada Olga Gil: Geometr\u00eda y escultura: ciencia y arte de las formas - I. U. de Matem\u00e0tica Multidisciplin\u00e0ria\" \/>\n<meta property=\"og:url\" content=\"https:\/\/imm.webs.upv.es\/charla-olga-gil-geometria-y-escultura-ciencia-y-arte-de-las-formas\/\" \/>\n<meta property=\"og:site_name\" content=\"I. U. de Matem\u00e0tica Multidisciplin\u00e0ria\" \/>\n<meta property=\"article:published_time\" content=\"2022-02-25T10:27:55+00:00\" \/>\n<meta property=\"article:modified_time\" content=\"2025-01-30T13:32:13+00:00\" \/>\n<meta name=\"author\" content=\"admin\" \/>\n<meta name=\"twitter:card\" content=\"summary_large_image\" \/>\n<meta name=\"twitter:label1\" content=\"Escrit per\" \/>\n\t<meta name=\"twitter:data1\" content=\"admin\" \/>\n\t<meta name=\"twitter:label2\" content=\"Temps estimat de lectura\" \/>\n\t<meta name=\"twitter:data2\" content=\"6 minuts\" \/>\n<script type=\"application\/ld+json\" class=\"yoast-schema-graph\">{\"@context\":\"https:\\\/\\\/schema.org\",\"@graph\":[{\"@type\":\"Article\",\"@id\":\"https:\\\/\\\/imm.webs.upv.es\\\/charla-olga-gil-geometria-y-escultura-ciencia-y-arte-de-las-formas\\\/#article\",\"isPartOf\":{\"@id\":\"https:\\\/\\\/imm.webs.upv.es\\\/charla-olga-gil-geometria-y-escultura-ciencia-y-arte-de-las-formas\\\/\"},\"author\":{\"name\":\"admin\",\"@id\":\"https:\\\/\\\/imm.webs.upv.es\\\/#\\\/schema\\\/person\\\/3a01efcd7e7d66b83875b866576d05f4\"},\"headline\":\"Xerrada Olga Gil: Geometr\u00eda y escultura: ciencia y arte de las formas\",\"datePublished\":\"2022-02-25T10:27:55+00:00\",\"dateModified\":\"2025-01-30T13:32:13+00:00\",\"mainEntityOfPage\":{\"@id\":\"https:\\\/\\\/imm.webs.upv.es\\\/charla-olga-gil-geometria-y-escultura-ciencia-y-arte-de-las-formas\\\/\"},\"wordCount\":1177,\"publisher\":{\"@id\":\"https:\\\/\\\/imm.webs.upv.es\\\/#organization\"},\"articleSection\":[\"Xarrades i Seminaris\"],\"inLanguage\":\"ca\"},{\"@type\":\"WebPage\",\"@id\":\"https:\\\/\\\/imm.webs.upv.es\\\/charla-olga-gil-geometria-y-escultura-ciencia-y-arte-de-las-formas\\\/\",\"url\":\"https:\\\/\\\/imm.webs.upv.es\\\/charla-olga-gil-geometria-y-escultura-ciencia-y-arte-de-las-formas\\\/\",\"name\":\"Xerrada Olga Gil: Geometr\u00eda y escultura: ciencia y arte de las formas - I. U. de Matem\u00e0tica Multidisciplin\u00e0ria\",\"isPartOf\":{\"@id\":\"https:\\\/\\\/imm.webs.upv.es\\\/#website\"},\"datePublished\":\"2022-02-25T10:27:55+00:00\",\"dateModified\":\"2025-01-30T13:32:13+00:00\",\"breadcrumb\":{\"@id\":\"https:\\\/\\\/imm.webs.upv.es\\\/charla-olga-gil-geometria-y-escultura-ciencia-y-arte-de-las-formas\\\/#breadcrumb\"},\"inLanguage\":\"ca\",\"potentialAction\":[{\"@type\":\"ReadAction\",\"target\":[\"https:\\\/\\\/imm.webs.upv.es\\\/charla-olga-gil-geometria-y-escultura-ciencia-y-arte-de-las-formas\\\/\"]}]},{\"@type\":\"BreadcrumbList\",\"@id\":\"https:\\\/\\\/imm.webs.upv.es\\\/charla-olga-gil-geometria-y-escultura-ciencia-y-arte-de-las-formas\\\/#breadcrumb\",\"itemListElement\":[{\"@type\":\"ListItem\",\"position\":1,\"name\":\"Home\",\"item\":\"https:\\\/\\\/imm.webs.upv.es\\\/\"},{\"@type\":\"ListItem\",\"position\":2,\"name\":\"Charla Olga Gil: Geometr\u00eda y escultura: ciencia y arte de las formas\"}]},{\"@type\":\"WebSite\",\"@id\":\"https:\\\/\\\/imm.webs.upv.es\\\/#website\",\"url\":\"https:\\\/\\\/imm.webs.upv.es\\\/\",\"name\":\"I. U. de Matem\u00e0tica Multidisciplin\u00e0ria\",\"description\":\"\",\"publisher\":{\"@id\":\"https:\\\/\\\/imm.webs.upv.es\\\/#organization\"},\"potentialAction\":[{\"@type\":\"SearchAction\",\"target\":{\"@type\":\"EntryPoint\",\"urlTemplate\":\"https:\\\/\\\/imm.webs.upv.es\\\/?s={search_term_string}\"},\"query-input\":{\"@type\":\"PropertyValueSpecification\",\"valueRequired\":true,\"valueName\":\"search_term_string\"}}],\"inLanguage\":\"ca\"},{\"@type\":\"Organization\",\"@id\":\"https:\\\/\\\/imm.webs.upv.es\\\/#organization\",\"name\":\"I. U. de Matem\u00e1tica Multidisciplinar\",\"url\":\"https:\\\/\\\/imm.webs.upv.es\\\/\",\"logo\":{\"@type\":\"ImageObject\",\"inLanguage\":\"ca\",\"@id\":\"https:\\\/\\\/imm.webs.upv.es\\\/#\\\/schema\\\/logo\\\/image\\\/\",\"url\":\"https:\\\/\\\/imm.webs.upv.es\\\/wp-content\\\/uploads\\\/2020\\\/11\\\/imm_blue-1.png\",\"contentUrl\":\"https:\\\/\\\/imm.webs.upv.es\\\/wp-content\\\/uploads\\\/2020\\\/11\\\/imm_blue-1.png\",\"width\":931,\"height\":498,\"caption\":\"I. U. de Matem\u00e1tica Multidisciplinar\"},\"image\":{\"@id\":\"https:\\\/\\\/imm.webs.upv.es\\\/#\\\/schema\\\/logo\\\/image\\\/\"}},{\"@type\":\"Person\",\"@id\":\"https:\\\/\\\/imm.webs.upv.es\\\/#\\\/schema\\\/person\\\/3a01efcd7e7d66b83875b866576d05f4\",\"name\":\"admin\",\"image\":{\"@type\":\"ImageObject\",\"inLanguage\":\"ca\",\"@id\":\"https:\\\/\\\/secure.gravatar.com\\\/avatar\\\/493534f54da39aef6ce2003bc984565871e277e5136e50eac1c5a277c4113d39?s=96&d=mm&r=g\",\"url\":\"https:\\\/\\\/secure.gravatar.com\\\/avatar\\\/493534f54da39aef6ce2003bc984565871e277e5136e50eac1c5a277c4113d39?s=96&d=mm&r=g\",\"contentUrl\":\"https:\\\/\\\/secure.gravatar.com\\\/avatar\\\/493534f54da39aef6ce2003bc984565871e277e5136e50eac1c5a277c4113d39?s=96&d=mm&r=g\",\"caption\":\"admin\"},\"url\":\"https:\\\/\\\/imm.webs.upv.es\\\/ca\\\/author\\\/admin-2\\\/\"}]}<\/script>\n<!-- \/ Yoast SEO plugin. -->","yoast_head_json":{"title":"Xerrada Olga Gil: Geometr\u00eda y escultura: ciencia y arte de las formas - I. U. de Matem\u00e0tica Multidisciplin\u00e0ria","robots":{"index":"index","follow":"follow","max-snippet":"max-snippet:-1","max-image-preview":"max-image-preview:large","max-video-preview":"max-video-preview:-1"},"canonical":"https:\/\/imm.webs.upv.es\/charla-olga-gil-geometria-y-escultura-ciencia-y-arte-de-las-formas\/","og_locale":"ca_ES","og_type":"article","og_title":"Xerrada Olga Gil: Geometr\u00eda y escultura: ciencia y arte de las formas - I. U. de Matem\u00e0tica Multidisciplin\u00e0ria","og_url":"https:\/\/imm.webs.upv.es\/charla-olga-gil-geometria-y-escultura-ciencia-y-arte-de-las-formas\/","og_site_name":"I. U. de Matem\u00e0tica Multidisciplin\u00e0ria","article_published_time":"2022-02-25T10:27:55+00:00","article_modified_time":"2025-01-30T13:32:13+00:00","author":"admin","twitter_card":"summary_large_image","twitter_misc":{"Escrit per":"admin","Temps estimat de lectura":"6 minuts"},"schema":{"@context":"https:\/\/schema.org","@graph":[{"@type":"Article","@id":"https:\/\/imm.webs.upv.es\/charla-olga-gil-geometria-y-escultura-ciencia-y-arte-de-las-formas\/#article","isPartOf":{"@id":"https:\/\/imm.webs.upv.es\/charla-olga-gil-geometria-y-escultura-ciencia-y-arte-de-las-formas\/"},"author":{"name":"admin","@id":"https:\/\/imm.webs.upv.es\/#\/schema\/person\/3a01efcd7e7d66b83875b866576d05f4"},"headline":"Xerrada Olga Gil: Geometr\u00eda y escultura: ciencia y arte de las formas","datePublished":"2022-02-25T10:27:55+00:00","dateModified":"2025-01-30T13:32:13+00:00","mainEntityOfPage":{"@id":"https:\/\/imm.webs.upv.es\/charla-olga-gil-geometria-y-escultura-ciencia-y-arte-de-las-formas\/"},"wordCount":1177,"publisher":{"@id":"https:\/\/imm.webs.upv.es\/#organization"},"articleSection":["Xarrades i Seminaris"],"inLanguage":"ca"},{"@type":"WebPage","@id":"https:\/\/imm.webs.upv.es\/charla-olga-gil-geometria-y-escultura-ciencia-y-arte-de-las-formas\/","url":"https:\/\/imm.webs.upv.es\/charla-olga-gil-geometria-y-escultura-ciencia-y-arte-de-las-formas\/","name":"Xerrada Olga Gil: Geometr\u00eda y escultura: ciencia y arte de las formas - I. U. de Matem\u00e0tica Multidisciplin\u00e0ria","isPartOf":{"@id":"https:\/\/imm.webs.upv.es\/#website"},"datePublished":"2022-02-25T10:27:55+00:00","dateModified":"2025-01-30T13:32:13+00:00","breadcrumb":{"@id":"https:\/\/imm.webs.upv.es\/charla-olga-gil-geometria-y-escultura-ciencia-y-arte-de-las-formas\/#breadcrumb"},"inLanguage":"ca","potentialAction":[{"@type":"ReadAction","target":["https:\/\/imm.webs.upv.es\/charla-olga-gil-geometria-y-escultura-ciencia-y-arte-de-las-formas\/"]}]},{"@type":"BreadcrumbList","@id":"https:\/\/imm.webs.upv.es\/charla-olga-gil-geometria-y-escultura-ciencia-y-arte-de-las-formas\/#breadcrumb","itemListElement":[{"@type":"ListItem","position":1,"name":"Home","item":"https:\/\/imm.webs.upv.es\/"},{"@type":"ListItem","position":2,"name":"Charla Olga Gil: Geometr\u00eda y escultura: ciencia y arte de las formas"}]},{"@type":"WebSite","@id":"https:\/\/imm.webs.upv.es\/#website","url":"https:\/\/imm.webs.upv.es\/","name":"I. U. de Matem\u00e0tica Multidisciplin\u00e0ria","description":"","publisher":{"@id":"https:\/\/imm.webs.upv.es\/#organization"},"potentialAction":[{"@type":"SearchAction","target":{"@type":"EntryPoint","urlTemplate":"https:\/\/imm.webs.upv.es\/?s={search_term_string}"},"query-input":{"@type":"PropertyValueSpecification","valueRequired":true,"valueName":"search_term_string"}}],"inLanguage":"ca"},{"@type":"Organization","@id":"https:\/\/imm.webs.upv.es\/#organization","name":"I. U. de Matem\u00e1tica Multidisciplinar","url":"https:\/\/imm.webs.upv.es\/","logo":{"@type":"ImageObject","inLanguage":"ca","@id":"https:\/\/imm.webs.upv.es\/#\/schema\/logo\/image\/","url":"https:\/\/imm.webs.upv.es\/wp-content\/uploads\/2020\/11\/imm_blue-1.png","contentUrl":"https:\/\/imm.webs.upv.es\/wp-content\/uploads\/2020\/11\/imm_blue-1.png","width":931,"height":498,"caption":"I. U. de Matem\u00e1tica Multidisciplinar"},"image":{"@id":"https:\/\/imm.webs.upv.es\/#\/schema\/logo\/image\/"}},{"@type":"Person","@id":"https:\/\/imm.webs.upv.es\/#\/schema\/person\/3a01efcd7e7d66b83875b866576d05f4","name":"admin","image":{"@type":"ImageObject","inLanguage":"ca","@id":"https:\/\/secure.gravatar.com\/avatar\/493534f54da39aef6ce2003bc984565871e277e5136e50eac1c5a277c4113d39?s=96&d=mm&r=g","url":"https:\/\/secure.gravatar.com\/avatar\/493534f54da39aef6ce2003bc984565871e277e5136e50eac1c5a277c4113d39?s=96&d=mm&r=g","contentUrl":"https:\/\/secure.gravatar.com\/avatar\/493534f54da39aef6ce2003bc984565871e277e5136e50eac1c5a277c4113d39?s=96&d=mm&r=g","caption":"admin"},"url":"https:\/\/imm.webs.upv.es\/ca\/author\/admin-2\/"}]}},"_links":{"self":[{"href":"https:\/\/imm.webs.upv.es\/ca\/wp-json\/wp\/v2\/posts\/2053","targetHints":{"allow":["GET"]}}],"collection":[{"href":"https:\/\/imm.webs.upv.es\/ca\/wp-json\/wp\/v2\/posts"}],"about":[{"href":"https:\/\/imm.webs.upv.es\/ca\/wp-json\/wp\/v2\/types\/post"}],"author":[{"embeddable":true,"href":"https:\/\/imm.webs.upv.es\/ca\/wp-json\/wp\/v2\/users\/4"}],"replies":[{"embeddable":true,"href":"https:\/\/imm.webs.upv.es\/ca\/wp-json\/wp\/v2\/comments?post=2053"}],"version-history":[{"count":12,"href":"https:\/\/imm.webs.upv.es\/ca\/wp-json\/wp\/v2\/posts\/2053\/revisions"}],"predecessor-version":[{"id":2303,"href":"https:\/\/imm.webs.upv.es\/ca\/wp-json\/wp\/v2\/posts\/2053\/revisions\/2303"}],"wp:attachment":[{"href":"https:\/\/imm.webs.upv.es\/ca\/wp-json\/wp\/v2\/media?parent=2053"}],"wp:term":[{"taxonomy":"category","embeddable":true,"href":"https:\/\/imm.webs.upv.es\/ca\/wp-json\/wp\/v2\/categories?post=2053"},{"taxonomy":"post_tag","embeddable":true,"href":"https:\/\/imm.webs.upv.es\/ca\/wp-json\/wp\/v2\/tags?post=2053"}],"curies":[{"name":"wp","href":"https:\/\/api.w.org\/{rel}","templated":true}]}}