{"id":2471,"date":"2022-11-11T14:03:17","date_gmt":"2022-11-11T13:03:17","guid":{"rendered":"https:\/\/imm.webs.upv.es\/?p=2471"},"modified":"2025-01-30T14:32:12","modified_gmt":"2025-01-30T13:32:12","slug":"i-premios-investigacion-upv-juan-ramon-torregrosa","status":"publish","type":"post","link":"https:\/\/imm.webs.upv.es\/ca\/i-premios-investigacion-upv-juan-ramon-torregrosa\/","title":{"rendered":"I Premis d&#8217;Investigaci\u00f3 UPV"},"content":{"rendered":"\n<p>El passat 24 de novembre de 2022, la Universitat Polit\u00e8cnica de Val\u00e8ncia (UPV) va concedir <a href=\"http:\/\/www.upv.es\/noticias-upv\/noticia-13840-i-premios-inve-va.html\" target=\"_blank\" rel=\"noreferrer noopener\">20 guardons a diferents investigadores i investigadors<\/a> pertanyents a la instituci\u00f3 acad\u00e8mica, en el marc de la I edici\u00f3 dels Premis d&#8217;Investigaci\u00f3 UPV. Aquests premis reconeixen la labor al seu personal m\u00e9s excel\u00b7lent.  <\/p>\n\n\n\n<p>El premi a la Traject\u00f2ria Excel\u00b7lent en Recerca en la categoria de Matem\u00e0tiques ha estat dominat per l&#8217;Institut Universitari de Matem\u00e0tica Multidisciplin\u00e0ria, ja que els tres candidats, Alicia\u00a0Cordero,\u00a0N\u00e9stor Thome i Juan Ram\u00f3n Torregrosa, s\u00f3n membres d&#8217;aquest Institut. Finalment, <strong>el professor Juan Ram\u00f3n Torregrosa va obtenir el premi a la Traject\u00f2ria Excel\u00b7lent.<\/strong><\/p>\n\n\n<div class=\"wp-block-image wp-image-2480 size-large\">\n<figure class=\"aligncenter\"><img loading=\"lazy\" decoding=\"async\" width=\"1024\" height=\"768\" src=\"https:\/\/imm.webs.upv.es\/wp-content\/uploads\/2022\/11\/Premios4-1-1024x768.jpg\" alt=\"\" class=\"wp-image-2480\" srcset=\"https:\/\/imm.webs.upv.es\/wp-content\/uploads\/2022\/11\/Premios4-1-1024x768.jpg 1024w, https:\/\/imm.webs.upv.es\/wp-content\/uploads\/2022\/11\/Premios4-1-300x225.jpg 300w, https:\/\/imm.webs.upv.es\/wp-content\/uploads\/2022\/11\/Premios4-1-768x576.jpg 768w, https:\/\/imm.webs.upv.es\/wp-content\/uploads\/2022\/11\/Premios4-1-1536x1152.jpg 1536w, https:\/\/imm.webs.upv.es\/wp-content\/uploads\/2022\/11\/Premios4-1-467x350.jpg 467w, https:\/\/imm.webs.upv.es\/wp-content\/uploads\/2022\/11\/Premios4-1-150x113.jpg 150w, https:\/\/imm.webs.upv.es\/wp-content\/uploads\/2022\/11\/Premios4-1.jpg 2016w\" sizes=\"auto, (max-width: 1024px) 100vw, 1024px\" \/><figcaption class=\"wp-element-caption\">D&#8217;esquerra a dreta: N\u00e9stor Thome, Rafael Jacinto Villanueva, Juan Ram\u00f3n Torregrosa, Alicia Cordero i Juan Carlos Cort\u00e9s.<\/figcaption><\/figure>\n<\/div>\n\n\n<p>Tamb\u00e9 cal destacar la nominaci\u00f3 de Rafael Jacinto Villanueva i Juan Carlos Cort\u00e9s per al Premi a la Publicaci\u00f3 Excel\u00b7lent d&#8217;Investigaci\u00f3, pel seu article <em>Computational uncertainty quantification for random time-discrete epidemiological models using adaptive gPC<\/em>. DOI: <a href=\"https:\/\/doi.org\/10.1002\/mma.5315\" target=\"_blank\" rel=\"noreferrer noopener\">10.1002\/mma.5315<\/a>.<\/p>\n\n\n\n<p>En aquesta I edici\u00f3 dels Premis d&#8217;Investigaci\u00f3 UPV s&#8217;han presentat un total de 48 candidatures que han optat a les 18 categories diferents, relacionades totes elles amb la labor investigadora. En paraules del rector de la UPV, Jos\u00e9 E. Capella, aquests premis han nascut amb l&#8217;objectiu de recon\u00e8ixer de forma merescuda \u201cl&#8217;enorme esfor\u00e7\u201d de tot el personal investigador en el si de la UPV i per a \u201cmotivar al que est\u00e0 en formaci\u00f3\u201d. \u201cSom una universitat enormement compromesa amb la investigaci\u00f3, estem en les primeres posicions en molts dels r\u00e0nquings en aquest aspecte i aquesta iniciativa refor\u00e7a la nostra aposta\u201d, va sostenir Capella. Per part seua, el vicerector d&#8217;Internacionalitzaci\u00f3 i Comunicaci\u00f3, Jos\u00e9 Francisco Monserrat, va destacar el nivell \u201calt\u00edssim\u201d dels treballs presentats fruit dels requisits \u201ctan estrictes\u201d que s&#8217;havien de complir, segons les bases de la convocat\u00f2ria. \u201cI m\u00e9s en un any en qu\u00e8 s&#8217;han trencat tots els r\u00e8cords de la UPV en activitat investigadora\u201d, va afegir Monserrat.<\/p>\n\n\n\n<p> <\/p>\n\n\n\n<p><\/p>\n\n\n\n<figure class=\"wp-block-image size-large\"><img loading=\"lazy\" decoding=\"async\" width=\"1024\" height=\"683\" src=\"https:\/\/imm.webs.upv.es\/wp-content\/uploads\/2022\/12\/image00031-1024x683.jpeg\" alt=\"\" class=\"wp-image-2521\" srcset=\"https:\/\/imm.webs.upv.es\/wp-content\/uploads\/2022\/12\/image00031-1024x683.jpeg 1024w, https:\/\/imm.webs.upv.es\/wp-content\/uploads\/2022\/12\/image00031-300x200.jpeg 300w, https:\/\/imm.webs.upv.es\/wp-content\/uploads\/2022\/12\/image00031-768x512.jpeg 768w, https:\/\/imm.webs.upv.es\/wp-content\/uploads\/2022\/12\/image00031-1536x1024.jpeg 1536w, https:\/\/imm.webs.upv.es\/wp-content\/uploads\/2022\/12\/image00031-525x350.jpeg 525w, https:\/\/imm.webs.upv.es\/wp-content\/uploads\/2022\/12\/image00031-150x100.jpeg 150w, https:\/\/imm.webs.upv.es\/wp-content\/uploads\/2022\/12\/image00031.jpeg 1620w\" sizes=\"auto, (max-width: 1024px) 100vw, 1024px\" \/><figcaption class=\"wp-element-caption\">D&#8217;esquerra a dreta: N\u00e9stor Thome, Rafael Jacinto Villanueva, Juan Ram\u00f3n Torregrosa, Alicia Cordero, Juan Carlos Cort\u00e9s i Antonio Herv\u00e1s.<\/figcaption><\/figure>\n\n\n\n<p><\/p>\n","protected":false},"excerpt":{"rendered":"<p>El passat 24 de novembre de 2022, la Universitat Polit\u00e8cnica de Val\u00e8ncia (UPV) va concedir 20 guardons a diferents investigadores i investigadors pertanyents a la instituci\u00f3 acad\u00e8mica, en el marc de la I edici\u00f3 dels Premis d&#8217;Investigaci\u00f3 UPV. Aquests premis reconeixen la labor al seu personal m\u00e9s excel\u00b7lent. El premi&#8230; <a class=\"continue-reading-link\" href=\"https:\/\/imm.webs.upv.es\/ca\/i-premios-investigacion-upv-juan-ramon-torregrosa\/\">Show more<\/a><\/p>\n","protected":false},"author":4,"featured_media":0,"comment_status":"closed","ping_status":"closed","sticky":false,"template":"","format":"standard","meta":{"ngg_post_thumbnail":0,"footnotes":""},"categories":[1],"tags":[],"class_list":["post-2471","post","type-post","status-publish","format-standard","hentry","category-sin-categoria"],"translation":{"provider":"WPGlobus","version":"3.0.2","language":"ca","enabled_languages":["en","ca","es"],"languages":{"en":{"title":true,"content":true,"excerpt":false},"ca":{"title":true,"content":true,"excerpt":false},"es":{"title":true,"content":true,"excerpt":false}}},"yoast_head":"<!-- This site is optimized with the Yoast SEO plugin v27.5 - https:\/\/yoast.com\/product\/yoast-seo-wordpress\/ -->\n<title>I Premis d&#039;Investigaci\u00f3 UPV  - I. U. de Matem\u00e0tica Multidisciplin\u00e0ria<\/title>\n<meta name=\"robots\" content=\"index, follow, max-snippet:-1, max-image-preview:large, max-video-preview:-1\" \/>\n<link rel=\"canonical\" href=\"https:\/\/imm.webs.upv.es\/i-premios-investigacion-upv-juan-ramon-torregrosa\/\" \/>\n<meta property=\"og:locale\" content=\"ca_ES\" \/>\n<meta property=\"og:type\" content=\"article\" \/>\n<meta property=\"og:title\" content=\"I Premis d&#039;Investigaci\u00f3 UPV  - I. U. de Matem\u00e0tica Multidisciplin\u00e0ria\" \/>\n<meta property=\"og:url\" content=\"https:\/\/imm.webs.upv.es\/i-premios-investigacion-upv-juan-ramon-torregrosa\/\" \/>\n<meta property=\"og:site_name\" content=\"I. U. de Matem\u00e0tica Multidisciplin\u00e0ria\" \/>\n<meta property=\"article:published_time\" content=\"2022-11-11T13:03:17+00:00\" \/>\n<meta property=\"article:modified_time\" content=\"2025-01-30T13:32:12+00:00\" \/>\n<meta property=\"og:image\" content=\"https:\/\/imm.webs.upv.es\/wp-content\/uploads\/2022\/11\/Premios4-1-1024x768.jpg\" \/>\n<meta name=\"author\" content=\"admin\" \/>\n<meta name=\"twitter:card\" content=\"summary_large_image\" \/>\n<meta name=\"twitter:label1\" content=\"Escrit per\" \/>\n\t<meta name=\"twitter:data1\" content=\"admin\" \/>\n\t<meta name=\"twitter:label2\" content=\"Temps estimat de lectura\" \/>\n\t<meta name=\"twitter:data2\" content=\"2 minuts\" \/>\n<script type=\"application\/ld+json\" class=\"yoast-schema-graph\">{\"@context\":\"https:\\\/\\\/schema.org\",\"@graph\":[{\"@type\":\"Article\",\"@id\":\"https:\\\/\\\/imm.webs.upv.es\\\/i-premios-investigacion-upv-juan-ramon-torregrosa\\\/#article\",\"isPartOf\":{\"@id\":\"https:\\\/\\\/imm.webs.upv.es\\\/i-premios-investigacion-upv-juan-ramon-torregrosa\\\/\"},\"author\":{\"name\":\"admin\",\"@id\":\"https:\\\/\\\/imm.webs.upv.es\\\/#\\\/schema\\\/person\\\/3a01efcd7e7d66b83875b866576d05f4\"},\"headline\":\"I Premis d&#8217;Investigaci\u00f3 UPV\",\"datePublished\":\"2022-11-11T13:03:17+00:00\",\"dateModified\":\"2025-01-30T13:32:12+00:00\",\"mainEntityOfPage\":{\"@id\":\"https:\\\/\\\/imm.webs.upv.es\\\/i-premios-investigacion-upv-juan-ramon-torregrosa\\\/\"},\"wordCount\":1111,\"publisher\":{\"@id\":\"https:\\\/\\\/imm.webs.upv.es\\\/#organization\"},\"image\":{\"@id\":\"https:\\\/\\\/imm.webs.upv.es\\\/i-premios-investigacion-upv-juan-ramon-torregrosa\\\/#primaryimage\"},\"thumbnailUrl\":\"https:\\\/\\\/imm.webs.upv.es\\\/wp-content\\\/uploads\\\/2022\\\/11\\\/Premios4-1-1024x768.jpg\",\"articleSection\":[\"Sin categor\u00eda\"],\"inLanguage\":\"ca\"},{\"@type\":\"WebPage\",\"@id\":\"https:\\\/\\\/imm.webs.upv.es\\\/i-premios-investigacion-upv-juan-ramon-torregrosa\\\/\",\"url\":\"https:\\\/\\\/imm.webs.upv.es\\\/i-premios-investigacion-upv-juan-ramon-torregrosa\\\/\",\"name\":\"I Premis d'Investigaci\u00f3 UPV - I. U. de Matem\u00e0tica Multidisciplin\u00e0ria\",\"isPartOf\":{\"@id\":\"https:\\\/\\\/imm.webs.upv.es\\\/#website\"},\"primaryImageOfPage\":{\"@id\":\"https:\\\/\\\/imm.webs.upv.es\\\/i-premios-investigacion-upv-juan-ramon-torregrosa\\\/#primaryimage\"},\"image\":{\"@id\":\"https:\\\/\\\/imm.webs.upv.es\\\/i-premios-investigacion-upv-juan-ramon-torregrosa\\\/#primaryimage\"},\"thumbnailUrl\":\"https:\\\/\\\/imm.webs.upv.es\\\/wp-content\\\/uploads\\\/2022\\\/11\\\/Premios4-1-1024x768.jpg\",\"datePublished\":\"2022-11-11T13:03:17+00:00\",\"dateModified\":\"2025-01-30T13:32:12+00:00\",\"breadcrumb\":{\"@id\":\"https:\\\/\\\/imm.webs.upv.es\\\/i-premios-investigacion-upv-juan-ramon-torregrosa\\\/#breadcrumb\"},\"inLanguage\":\"ca\",\"potentialAction\":[{\"@type\":\"ReadAction\",\"target\":[\"https:\\\/\\\/imm.webs.upv.es\\\/i-premios-investigacion-upv-juan-ramon-torregrosa\\\/\"]}]},{\"@type\":\"ImageObject\",\"inLanguage\":\"ca\",\"@id\":\"https:\\\/\\\/imm.webs.upv.es\\\/i-premios-investigacion-upv-juan-ramon-torregrosa\\\/#primaryimage\",\"url\":\"https:\\\/\\\/imm.webs.upv.es\\\/wp-content\\\/uploads\\\/2022\\\/11\\\/Premios4-1-1024x768.jpg\",\"contentUrl\":\"https:\\\/\\\/imm.webs.upv.es\\\/wp-content\\\/uploads\\\/2022\\\/11\\\/Premios4-1-1024x768.jpg\"},{\"@type\":\"BreadcrumbList\",\"@id\":\"https:\\\/\\\/imm.webs.upv.es\\\/i-premios-investigacion-upv-juan-ramon-torregrosa\\\/#breadcrumb\",\"itemListElement\":[{\"@type\":\"ListItem\",\"position\":1,\"name\":\"Home\",\"item\":\"https:\\\/\\\/imm.webs.upv.es\\\/\"},{\"@type\":\"ListItem\",\"position\":2,\"name\":\"I Premios Investigaci\u00f3n UPV\"}]},{\"@type\":\"WebSite\",\"@id\":\"https:\\\/\\\/imm.webs.upv.es\\\/#website\",\"url\":\"https:\\\/\\\/imm.webs.upv.es\\\/\",\"name\":\"I. U. de Matem\u00e0tica Multidisciplin\u00e0ria\",\"description\":\"\",\"publisher\":{\"@id\":\"https:\\\/\\\/imm.webs.upv.es\\\/#organization\"},\"potentialAction\":[{\"@type\":\"SearchAction\",\"target\":{\"@type\":\"EntryPoint\",\"urlTemplate\":\"https:\\\/\\\/imm.webs.upv.es\\\/?s={search_term_string}\"},\"query-input\":{\"@type\":\"PropertyValueSpecification\",\"valueRequired\":true,\"valueName\":\"search_term_string\"}}],\"inLanguage\":\"ca\"},{\"@type\":\"Organization\",\"@id\":\"https:\\\/\\\/imm.webs.upv.es\\\/#organization\",\"name\":\"I. U. de Matem\u00e1tica Multidisciplinar\",\"url\":\"https:\\\/\\\/imm.webs.upv.es\\\/\",\"logo\":{\"@type\":\"ImageObject\",\"inLanguage\":\"ca\",\"@id\":\"https:\\\/\\\/imm.webs.upv.es\\\/#\\\/schema\\\/logo\\\/image\\\/\",\"url\":\"https:\\\/\\\/imm.webs.upv.es\\\/wp-content\\\/uploads\\\/2020\\\/11\\\/imm_blue-1.png\",\"contentUrl\":\"https:\\\/\\\/imm.webs.upv.es\\\/wp-content\\\/uploads\\\/2020\\\/11\\\/imm_blue-1.png\",\"width\":931,\"height\":498,\"caption\":\"I. U. de Matem\u00e1tica Multidisciplinar\"},\"image\":{\"@id\":\"https:\\\/\\\/imm.webs.upv.es\\\/#\\\/schema\\\/logo\\\/image\\\/\"}},{\"@type\":\"Person\",\"@id\":\"https:\\\/\\\/imm.webs.upv.es\\\/#\\\/schema\\\/person\\\/3a01efcd7e7d66b83875b866576d05f4\",\"name\":\"admin\",\"image\":{\"@type\":\"ImageObject\",\"inLanguage\":\"ca\",\"@id\":\"https:\\\/\\\/secure.gravatar.com\\\/avatar\\\/493534f54da39aef6ce2003bc984565871e277e5136e50eac1c5a277c4113d39?s=96&d=mm&r=g\",\"url\":\"https:\\\/\\\/secure.gravatar.com\\\/avatar\\\/493534f54da39aef6ce2003bc984565871e277e5136e50eac1c5a277c4113d39?s=96&d=mm&r=g\",\"contentUrl\":\"https:\\\/\\\/secure.gravatar.com\\\/avatar\\\/493534f54da39aef6ce2003bc984565871e277e5136e50eac1c5a277c4113d39?s=96&d=mm&r=g\",\"caption\":\"admin\"},\"url\":\"https:\\\/\\\/imm.webs.upv.es\\\/ca\\\/author\\\/admin-2\\\/\"}]}<\/script>\n<!-- \/ Yoast SEO plugin. -->","yoast_head_json":{"title":"I Premis d'Investigaci\u00f3 UPV  - I. U. de Matem\u00e0tica Multidisciplin\u00e0ria","robots":{"index":"index","follow":"follow","max-snippet":"max-snippet:-1","max-image-preview":"max-image-preview:large","max-video-preview":"max-video-preview:-1"},"canonical":"https:\/\/imm.webs.upv.es\/i-premios-investigacion-upv-juan-ramon-torregrosa\/","og_locale":"ca_ES","og_type":"article","og_title":"I Premis d'Investigaci\u00f3 UPV  - I. U. de Matem\u00e0tica Multidisciplin\u00e0ria","og_url":"https:\/\/imm.webs.upv.es\/i-premios-investigacion-upv-juan-ramon-torregrosa\/","og_site_name":"I. U. de Matem\u00e0tica Multidisciplin\u00e0ria","article_published_time":"2022-11-11T13:03:17+00:00","article_modified_time":"2025-01-30T13:32:12+00:00","og_image":[{"url":"https:\/\/imm.webs.upv.es\/wp-content\/uploads\/2022\/11\/Premios4-1-1024x768.jpg","type":"","width":"","height":""}],"author":"admin","twitter_card":"summary_large_image","twitter_misc":{"Escrit per":"admin","Temps estimat de lectura":"2 minuts"},"schema":{"@context":"https:\/\/schema.org","@graph":[{"@type":"Article","@id":"https:\/\/imm.webs.upv.es\/i-premios-investigacion-upv-juan-ramon-torregrosa\/#article","isPartOf":{"@id":"https:\/\/imm.webs.upv.es\/i-premios-investigacion-upv-juan-ramon-torregrosa\/"},"author":{"name":"admin","@id":"https:\/\/imm.webs.upv.es\/#\/schema\/person\/3a01efcd7e7d66b83875b866576d05f4"},"headline":"I Premis d&#8217;Investigaci\u00f3 UPV","datePublished":"2022-11-11T13:03:17+00:00","dateModified":"2025-01-30T13:32:12+00:00","mainEntityOfPage":{"@id":"https:\/\/imm.webs.upv.es\/i-premios-investigacion-upv-juan-ramon-torregrosa\/"},"wordCount":1111,"publisher":{"@id":"https:\/\/imm.webs.upv.es\/#organization"},"image":{"@id":"https:\/\/imm.webs.upv.es\/i-premios-investigacion-upv-juan-ramon-torregrosa\/#primaryimage"},"thumbnailUrl":"https:\/\/imm.webs.upv.es\/wp-content\/uploads\/2022\/11\/Premios4-1-1024x768.jpg","articleSection":["Sin categor\u00eda"],"inLanguage":"ca"},{"@type":"WebPage","@id":"https:\/\/imm.webs.upv.es\/i-premios-investigacion-upv-juan-ramon-torregrosa\/","url":"https:\/\/imm.webs.upv.es\/i-premios-investigacion-upv-juan-ramon-torregrosa\/","name":"I Premis d'Investigaci\u00f3 UPV - I. U. de Matem\u00e0tica Multidisciplin\u00e0ria","isPartOf":{"@id":"https:\/\/imm.webs.upv.es\/#website"},"primaryImageOfPage":{"@id":"https:\/\/imm.webs.upv.es\/i-premios-investigacion-upv-juan-ramon-torregrosa\/#primaryimage"},"image":{"@id":"https:\/\/imm.webs.upv.es\/i-premios-investigacion-upv-juan-ramon-torregrosa\/#primaryimage"},"thumbnailUrl":"https:\/\/imm.webs.upv.es\/wp-content\/uploads\/2022\/11\/Premios4-1-1024x768.jpg","datePublished":"2022-11-11T13:03:17+00:00","dateModified":"2025-01-30T13:32:12+00:00","breadcrumb":{"@id":"https:\/\/imm.webs.upv.es\/i-premios-investigacion-upv-juan-ramon-torregrosa\/#breadcrumb"},"inLanguage":"ca","potentialAction":[{"@type":"ReadAction","target":["https:\/\/imm.webs.upv.es\/i-premios-investigacion-upv-juan-ramon-torregrosa\/"]}]},{"@type":"ImageObject","inLanguage":"ca","@id":"https:\/\/imm.webs.upv.es\/i-premios-investigacion-upv-juan-ramon-torregrosa\/#primaryimage","url":"https:\/\/imm.webs.upv.es\/wp-content\/uploads\/2022\/11\/Premios4-1-1024x768.jpg","contentUrl":"https:\/\/imm.webs.upv.es\/wp-content\/uploads\/2022\/11\/Premios4-1-1024x768.jpg"},{"@type":"BreadcrumbList","@id":"https:\/\/imm.webs.upv.es\/i-premios-investigacion-upv-juan-ramon-torregrosa\/#breadcrumb","itemListElement":[{"@type":"ListItem","position":1,"name":"Home","item":"https:\/\/imm.webs.upv.es\/"},{"@type":"ListItem","position":2,"name":"I Premios Investigaci\u00f3n UPV"}]},{"@type":"WebSite","@id":"https:\/\/imm.webs.upv.es\/#website","url":"https:\/\/imm.webs.upv.es\/","name":"I. U. de Matem\u00e0tica Multidisciplin\u00e0ria","description":"","publisher":{"@id":"https:\/\/imm.webs.upv.es\/#organization"},"potentialAction":[{"@type":"SearchAction","target":{"@type":"EntryPoint","urlTemplate":"https:\/\/imm.webs.upv.es\/?s={search_term_string}"},"query-input":{"@type":"PropertyValueSpecification","valueRequired":true,"valueName":"search_term_string"}}],"inLanguage":"ca"},{"@type":"Organization","@id":"https:\/\/imm.webs.upv.es\/#organization","name":"I. U. de Matem\u00e1tica Multidisciplinar","url":"https:\/\/imm.webs.upv.es\/","logo":{"@type":"ImageObject","inLanguage":"ca","@id":"https:\/\/imm.webs.upv.es\/#\/schema\/logo\/image\/","url":"https:\/\/imm.webs.upv.es\/wp-content\/uploads\/2020\/11\/imm_blue-1.png","contentUrl":"https:\/\/imm.webs.upv.es\/wp-content\/uploads\/2020\/11\/imm_blue-1.png","width":931,"height":498,"caption":"I. U. de Matem\u00e1tica Multidisciplinar"},"image":{"@id":"https:\/\/imm.webs.upv.es\/#\/schema\/logo\/image\/"}},{"@type":"Person","@id":"https:\/\/imm.webs.upv.es\/#\/schema\/person\/3a01efcd7e7d66b83875b866576d05f4","name":"admin","image":{"@type":"ImageObject","inLanguage":"ca","@id":"https:\/\/secure.gravatar.com\/avatar\/493534f54da39aef6ce2003bc984565871e277e5136e50eac1c5a277c4113d39?s=96&d=mm&r=g","url":"https:\/\/secure.gravatar.com\/avatar\/493534f54da39aef6ce2003bc984565871e277e5136e50eac1c5a277c4113d39?s=96&d=mm&r=g","contentUrl":"https:\/\/secure.gravatar.com\/avatar\/493534f54da39aef6ce2003bc984565871e277e5136e50eac1c5a277c4113d39?s=96&d=mm&r=g","caption":"admin"},"url":"https:\/\/imm.webs.upv.es\/ca\/author\/admin-2\/"}]}},"_links":{"self":[{"href":"https:\/\/imm.webs.upv.es\/ca\/wp-json\/wp\/v2\/posts\/2471","targetHints":{"allow":["GET"]}}],"collection":[{"href":"https:\/\/imm.webs.upv.es\/ca\/wp-json\/wp\/v2\/posts"}],"about":[{"href":"https:\/\/imm.webs.upv.es\/ca\/wp-json\/wp\/v2\/types\/post"}],"author":[{"embeddable":true,"href":"https:\/\/imm.webs.upv.es\/ca\/wp-json\/wp\/v2\/users\/4"}],"replies":[{"embeddable":true,"href":"https:\/\/imm.webs.upv.es\/ca\/wp-json\/wp\/v2\/comments?post=2471"}],"version-history":[{"count":38,"href":"https:\/\/imm.webs.upv.es\/ca\/wp-json\/wp\/v2\/posts\/2471\/revisions"}],"predecessor-version":[{"id":2644,"href":"https:\/\/imm.webs.upv.es\/ca\/wp-json\/wp\/v2\/posts\/2471\/revisions\/2644"}],"wp:attachment":[{"href":"https:\/\/imm.webs.upv.es\/ca\/wp-json\/wp\/v2\/media?parent=2471"}],"wp:term":[{"taxonomy":"category","embeddable":true,"href":"https:\/\/imm.webs.upv.es\/ca\/wp-json\/wp\/v2\/categories?post=2471"},{"taxonomy":"post_tag","embeddable":true,"href":"https:\/\/imm.webs.upv.es\/ca\/wp-json\/wp\/v2\/tags?post=2471"}],"curies":[{"name":"wp","href":"https:\/\/api.w.org\/{rel}","templated":true}]}}