{"id":2844,"date":"2023-03-29T10:13:30","date_gmt":"2023-03-29T08:13:30","guid":{"rendered":"https:\/\/imm.webs.upv.es\/?p=2844"},"modified":"2025-01-30T14:32:12","modified_gmt":"2025-01-30T13:32:12","slug":"a-group-of-mathematicians-in-valencia-improves-a-calculus-system-that-has-been-unbeatable-for-50-years","status":"publish","type":"post","link":"https:\/\/imm.webs.upv.es\/ca\/a-group-of-mathematicians-in-valencia-improves-a-calculus-system-that-has-been-unbeatable-for-50-years\/","title":{"rendered":"Un grup de matem\u00e0tics a Val\u00e8ncia millora un sistema de c\u00e0lcul &#8220;imbatible&#8221; durant 50 anys"},"content":{"rendered":"\n<p>El m\u00e8tode que proposa des del grup de computaci\u00f3 cient\u00edfica d&#8217;altes prestacions a la UPV accelera la resoluci\u00f3 de polinomis matricials.<\/p>\n\n\n<div class=\"wp-block-image\">\n<figure class=\"aligncenter size-full is-resized\"><a href=\"https:\/\/www.elespanol.com\/alicante\/cultura\/educacion\/20230327\/grupo-matematicos-valencia-mejora-sistema-calculo-imbatible\/751424989_0.amp.html\"><img loading=\"lazy\" decoding=\"async\" src=\"https:\/\/imm.webs.upv.es\/wp-content\/uploads\/2023\/03\/751435134_231934932_1024x576.webp\" alt=\"\" class=\"wp-image-2845\" width=\"666\" height=\"374\" srcset=\"https:\/\/imm.webs.upv.es\/wp-content\/uploads\/2023\/03\/751435134_231934932_1024x576.webp 1024w, https:\/\/imm.webs.upv.es\/wp-content\/uploads\/2023\/03\/751435134_231934932_1024x576-300x169.webp 300w, https:\/\/imm.webs.upv.es\/wp-content\/uploads\/2023\/03\/751435134_231934932_1024x576-768x432.webp 768w, https:\/\/imm.webs.upv.es\/wp-content\/uploads\/2023\/03\/751435134_231934932_1024x576-150x84.webp 150w\" sizes=\"auto, (max-width: 666px) 100vw, 666px\" \/><\/a><\/figure>\n<\/div>\n\n\n<div style=\"height:50px\" aria-hidden=\"true\" class=\"wp-block-spacer\"><\/div>\n\n\n\n<p>Llegir m\u00e9s a: <a href=\"https:\/\/www.elespanol.com\/alicante\/cultura\/educacion\/20230327\/grupo-matematicos-valencia-mejora-sistema-calculo-imbatible\/751424989_0.amp.html\">https:\/\/www.elespanol.com\/alicante\/cultura\/educacion\/20230327\/grupo-matematicos-valencia-mejora-sistema-calculo-imbatible\/751424989_0.amp.html<\/a><\/p>\n","protected":false},"excerpt":{"rendered":"<p>El m\u00e8tode que proposa des del grup de computaci\u00f3 cient\u00edfica d&#8217;altes prestacions a la UPV accelera la resoluci\u00f3 de polinomis matricials. Llegir m\u00e9s a: https:\/\/www.elespanol.com\/alicante\/cultura\/educacion\/20230327\/grupo-matematicos-valencia-mejora-sistema-calculo-imbatible\/751424989_0.amp.html <a class=\"continue-reading-link\" href=\"https:\/\/imm.webs.upv.es\/ca\/a-group-of-mathematicians-in-valencia-improves-a-calculus-system-that-has-been-unbeatable-for-50-years\/\">Show more<\/a><\/p>\n","protected":false},"author":4,"featured_media":2845,"comment_status":"closed","ping_status":"closed","sticky":false,"template":"","format":"standard","meta":{"ngg_post_thumbnail":0,"footnotes":""},"categories":[13],"tags":[],"class_list":["post-2844","post","type-post","status-publish","format-standard","has-post-thumbnail","hentry","category-news"],"translation":{"provider":"WPGlobus","version":"3.0.2","language":"ca","enabled_languages":["en","ca","es"],"languages":{"en":{"title":true,"content":true,"excerpt":false},"ca":{"title":true,"content":true,"excerpt":false},"es":{"title":true,"content":true,"excerpt":false}}},"yoast_head":"<!-- This site is optimized with the Yoast SEO plugin v27.5 - https:\/\/yoast.com\/product\/yoast-seo-wordpress\/ -->\n<title>Un grup de matem\u00e0tics a Val\u00e8ncia millora un sistema de c\u00e0lcul &quot;imbatible&quot; durant 50 anys - I. U. de Matem\u00e0tica Multidisciplin\u00e0ria<\/title>\n<meta name=\"robots\" content=\"index, follow, max-snippet:-1, max-image-preview:large, max-video-preview:-1\" \/>\n<link rel=\"canonical\" href=\"https:\/\/imm.webs.upv.es\/a-group-of-mathematicians-in-valencia-improves-a-calculus-system-that-has-been-unbeatable-for-50-years\/\" \/>\n<meta property=\"og:locale\" content=\"ca_ES\" \/>\n<meta property=\"og:type\" content=\"article\" \/>\n<meta property=\"og:title\" content=\"Un grup de matem\u00e0tics a Val\u00e8ncia millora un sistema de c\u00e0lcul &quot;imbatible&quot; durant 50 anys - I. U. de Matem\u00e0tica Multidisciplin\u00e0ria\" \/>\n<meta property=\"og:url\" content=\"https:\/\/imm.webs.upv.es\/a-group-of-mathematicians-in-valencia-improves-a-calculus-system-that-has-been-unbeatable-for-50-years\/\" \/>\n<meta property=\"og:site_name\" content=\"I. U. de Matem\u00e0tica Multidisciplin\u00e0ria\" \/>\n<meta property=\"article:published_time\" content=\"2023-03-29T08:13:30+00:00\" \/>\n<meta property=\"article:modified_time\" content=\"2025-01-30T13:32:12+00:00\" \/>\n<meta property=\"og:image\" content=\"https:\/\/imm.webs.upv.es\/wp-content\/uploads\/2023\/03\/751435134_231934932_1024x576.webp\" \/>\n\t<meta property=\"og:image:width\" content=\"1024\" \/>\n\t<meta property=\"og:image:height\" content=\"576\" \/>\n\t<meta property=\"og:image:type\" content=\"image\/webp\" \/>\n<meta name=\"author\" content=\"admin\" \/>\n<meta name=\"twitter:card\" content=\"summary_large_image\" \/>\n<meta name=\"twitter:label1\" content=\"Escrit per\" \/>\n\t<meta name=\"twitter:data1\" content=\"admin\" \/>\n<script type=\"application\/ld+json\" class=\"yoast-schema-graph\">{\"@context\":\"https:\\\/\\\/schema.org\",\"@graph\":[{\"@type\":\"Article\",\"@id\":\"https:\\\/\\\/imm.webs.upv.es\\\/a-group-of-mathematicians-in-valencia-improves-a-calculus-system-that-has-been-unbeatable-for-50-years\\\/#article\",\"isPartOf\":{\"@id\":\"https:\\\/\\\/imm.webs.upv.es\\\/a-group-of-mathematicians-in-valencia-improves-a-calculus-system-that-has-been-unbeatable-for-50-years\\\/\"},\"author\":{\"name\":\"admin\",\"@id\":\"https:\\\/\\\/imm.webs.upv.es\\\/#\\\/schema\\\/person\\\/3a01efcd7e7d66b83875b866576d05f4\"},\"headline\":\"Un grup de matem\u00e0tics a Val\u00e8ncia millora un sistema de c\u00e0lcul &#8220;imbatible&#8221; durant 50 anys\",\"datePublished\":\"2023-03-29T08:13:30+00:00\",\"dateModified\":\"2025-01-30T13:32:12+00:00\",\"mainEntityOfPage\":{\"@id\":\"https:\\\/\\\/imm.webs.upv.es\\\/a-group-of-mathematicians-in-valencia-improves-a-calculus-system-that-has-been-unbeatable-for-50-years\\\/\"},\"wordCount\":166,\"publisher\":{\"@id\":\"https:\\\/\\\/imm.webs.upv.es\\\/#organization\"},\"image\":{\"@id\":\"https:\\\/\\\/imm.webs.upv.es\\\/a-group-of-mathematicians-in-valencia-improves-a-calculus-system-that-has-been-unbeatable-for-50-years\\\/#primaryimage\"},\"thumbnailUrl\":\"https:\\\/\\\/imm.webs.upv.es\\\/wp-content\\\/uploads\\\/2023\\\/03\\\/751435134_231934932_1024x576.webp\",\"articleSection\":[\"Not\u00edcies\"],\"inLanguage\":\"ca\"},{\"@type\":\"WebPage\",\"@id\":\"https:\\\/\\\/imm.webs.upv.es\\\/a-group-of-mathematicians-in-valencia-improves-a-calculus-system-that-has-been-unbeatable-for-50-years\\\/\",\"url\":\"https:\\\/\\\/imm.webs.upv.es\\\/a-group-of-mathematicians-in-valencia-improves-a-calculus-system-that-has-been-unbeatable-for-50-years\\\/\",\"name\":\"Un grup de matem\u00e0tics a Val\u00e8ncia millora un sistema de c\u00e0lcul \\\"imbatible\\\" durant 50 anys - I. U. de Matem\u00e0tica Multidisciplin\u00e0ria\",\"isPartOf\":{\"@id\":\"https:\\\/\\\/imm.webs.upv.es\\\/#website\"},\"primaryImageOfPage\":{\"@id\":\"https:\\\/\\\/imm.webs.upv.es\\\/a-group-of-mathematicians-in-valencia-improves-a-calculus-system-that-has-been-unbeatable-for-50-years\\\/#primaryimage\"},\"image\":{\"@id\":\"https:\\\/\\\/imm.webs.upv.es\\\/a-group-of-mathematicians-in-valencia-improves-a-calculus-system-that-has-been-unbeatable-for-50-years\\\/#primaryimage\"},\"thumbnailUrl\":\"https:\\\/\\\/imm.webs.upv.es\\\/wp-content\\\/uploads\\\/2023\\\/03\\\/751435134_231934932_1024x576.webp\",\"datePublished\":\"2023-03-29T08:13:30+00:00\",\"dateModified\":\"2025-01-30T13:32:12+00:00\",\"breadcrumb\":{\"@id\":\"https:\\\/\\\/imm.webs.upv.es\\\/a-group-of-mathematicians-in-valencia-improves-a-calculus-system-that-has-been-unbeatable-for-50-years\\\/#breadcrumb\"},\"inLanguage\":\"ca\",\"potentialAction\":[{\"@type\":\"ReadAction\",\"target\":[\"https:\\\/\\\/imm.webs.upv.es\\\/a-group-of-mathematicians-in-valencia-improves-a-calculus-system-that-has-been-unbeatable-for-50-years\\\/\"]}]},{\"@type\":\"ImageObject\",\"inLanguage\":\"ca\",\"@id\":\"https:\\\/\\\/imm.webs.upv.es\\\/a-group-of-mathematicians-in-valencia-improves-a-calculus-system-that-has-been-unbeatable-for-50-years\\\/#primaryimage\",\"url\":\"https:\\\/\\\/imm.webs.upv.es\\\/wp-content\\\/uploads\\\/2023\\\/03\\\/751435134_231934932_1024x576.webp\",\"contentUrl\":\"https:\\\/\\\/imm.webs.upv.es\\\/wp-content\\\/uploads\\\/2023\\\/03\\\/751435134_231934932_1024x576.webp\",\"width\":1024,\"height\":576},{\"@type\":\"BreadcrumbList\",\"@id\":\"https:\\\/\\\/imm.webs.upv.es\\\/a-group-of-mathematicians-in-valencia-improves-a-calculus-system-that-has-been-unbeatable-for-50-years\\\/#breadcrumb\",\"itemListElement\":[{\"@type\":\"ListItem\",\"position\":1,\"name\":\"Home\",\"item\":\"https:\\\/\\\/imm.webs.upv.es\\\/\"},{\"@type\":\"ListItem\",\"position\":2,\"name\":\"A group of mathematicians in Valencia improves a calculus system that has been &#8220;unbeatable&#8221; for 50 years\"}]},{\"@type\":\"WebSite\",\"@id\":\"https:\\\/\\\/imm.webs.upv.es\\\/#website\",\"url\":\"https:\\\/\\\/imm.webs.upv.es\\\/\",\"name\":\"I. U. de Matem\u00e0tica Multidisciplin\u00e0ria\",\"description\":\"\",\"publisher\":{\"@id\":\"https:\\\/\\\/imm.webs.upv.es\\\/#organization\"},\"potentialAction\":[{\"@type\":\"SearchAction\",\"target\":{\"@type\":\"EntryPoint\",\"urlTemplate\":\"https:\\\/\\\/imm.webs.upv.es\\\/?s={search_term_string}\"},\"query-input\":{\"@type\":\"PropertyValueSpecification\",\"valueRequired\":true,\"valueName\":\"search_term_string\"}}],\"inLanguage\":\"ca\"},{\"@type\":\"Organization\",\"@id\":\"https:\\\/\\\/imm.webs.upv.es\\\/#organization\",\"name\":\"I. U. de Matem\u00e1tica Multidisciplinar\",\"url\":\"https:\\\/\\\/imm.webs.upv.es\\\/\",\"logo\":{\"@type\":\"ImageObject\",\"inLanguage\":\"ca\",\"@id\":\"https:\\\/\\\/imm.webs.upv.es\\\/#\\\/schema\\\/logo\\\/image\\\/\",\"url\":\"https:\\\/\\\/imm.webs.upv.es\\\/wp-content\\\/uploads\\\/2020\\\/11\\\/imm_blue-1.png\",\"contentUrl\":\"https:\\\/\\\/imm.webs.upv.es\\\/wp-content\\\/uploads\\\/2020\\\/11\\\/imm_blue-1.png\",\"width\":931,\"height\":498,\"caption\":\"I. U. de Matem\u00e1tica Multidisciplinar\"},\"image\":{\"@id\":\"https:\\\/\\\/imm.webs.upv.es\\\/#\\\/schema\\\/logo\\\/image\\\/\"}},{\"@type\":\"Person\",\"@id\":\"https:\\\/\\\/imm.webs.upv.es\\\/#\\\/schema\\\/person\\\/3a01efcd7e7d66b83875b866576d05f4\",\"name\":\"admin\",\"image\":{\"@type\":\"ImageObject\",\"inLanguage\":\"ca\",\"@id\":\"https:\\\/\\\/secure.gravatar.com\\\/avatar\\\/493534f54da39aef6ce2003bc984565871e277e5136e50eac1c5a277c4113d39?s=96&d=mm&r=g\",\"url\":\"https:\\\/\\\/secure.gravatar.com\\\/avatar\\\/493534f54da39aef6ce2003bc984565871e277e5136e50eac1c5a277c4113d39?s=96&d=mm&r=g\",\"contentUrl\":\"https:\\\/\\\/secure.gravatar.com\\\/avatar\\\/493534f54da39aef6ce2003bc984565871e277e5136e50eac1c5a277c4113d39?s=96&d=mm&r=g\",\"caption\":\"admin\"},\"url\":\"https:\\\/\\\/imm.webs.upv.es\\\/ca\\\/author\\\/admin-2\\\/\"}]}<\/script>\n<!-- \/ Yoast SEO plugin. -->","yoast_head_json":{"title":"Un grup de matem\u00e0tics a Val\u00e8ncia millora un sistema de c\u00e0lcul \"imbatible\" durant 50 anys - I. U. de Matem\u00e0tica Multidisciplin\u00e0ria","robots":{"index":"index","follow":"follow","max-snippet":"max-snippet:-1","max-image-preview":"max-image-preview:large","max-video-preview":"max-video-preview:-1"},"canonical":"https:\/\/imm.webs.upv.es\/a-group-of-mathematicians-in-valencia-improves-a-calculus-system-that-has-been-unbeatable-for-50-years\/","og_locale":"ca_ES","og_type":"article","og_title":"Un grup de matem\u00e0tics a Val\u00e8ncia millora un sistema de c\u00e0lcul \"imbatible\" durant 50 anys - I. U. de Matem\u00e0tica Multidisciplin\u00e0ria","og_url":"https:\/\/imm.webs.upv.es\/a-group-of-mathematicians-in-valencia-improves-a-calculus-system-that-has-been-unbeatable-for-50-years\/","og_site_name":"I. U. de Matem\u00e0tica Multidisciplin\u00e0ria","article_published_time":"2023-03-29T08:13:30+00:00","article_modified_time":"2025-01-30T13:32:12+00:00","og_image":[{"width":1024,"height":576,"url":"https:\/\/imm.webs.upv.es\/wp-content\/uploads\/2023\/03\/751435134_231934932_1024x576.webp","type":"image\/webp"}],"author":"admin","twitter_card":"summary_large_image","twitter_misc":{"Escrit per":"admin"},"schema":{"@context":"https:\/\/schema.org","@graph":[{"@type":"Article","@id":"https:\/\/imm.webs.upv.es\/a-group-of-mathematicians-in-valencia-improves-a-calculus-system-that-has-been-unbeatable-for-50-years\/#article","isPartOf":{"@id":"https:\/\/imm.webs.upv.es\/a-group-of-mathematicians-in-valencia-improves-a-calculus-system-that-has-been-unbeatable-for-50-years\/"},"author":{"name":"admin","@id":"https:\/\/imm.webs.upv.es\/#\/schema\/person\/3a01efcd7e7d66b83875b866576d05f4"},"headline":"Un grup de matem\u00e0tics a Val\u00e8ncia millora un sistema de c\u00e0lcul &#8220;imbatible&#8221; durant 50 anys","datePublished":"2023-03-29T08:13:30+00:00","dateModified":"2025-01-30T13:32:12+00:00","mainEntityOfPage":{"@id":"https:\/\/imm.webs.upv.es\/a-group-of-mathematicians-in-valencia-improves-a-calculus-system-that-has-been-unbeatable-for-50-years\/"},"wordCount":166,"publisher":{"@id":"https:\/\/imm.webs.upv.es\/#organization"},"image":{"@id":"https:\/\/imm.webs.upv.es\/a-group-of-mathematicians-in-valencia-improves-a-calculus-system-that-has-been-unbeatable-for-50-years\/#primaryimage"},"thumbnailUrl":"https:\/\/imm.webs.upv.es\/wp-content\/uploads\/2023\/03\/751435134_231934932_1024x576.webp","articleSection":["Not\u00edcies"],"inLanguage":"ca"},{"@type":"WebPage","@id":"https:\/\/imm.webs.upv.es\/a-group-of-mathematicians-in-valencia-improves-a-calculus-system-that-has-been-unbeatable-for-50-years\/","url":"https:\/\/imm.webs.upv.es\/a-group-of-mathematicians-in-valencia-improves-a-calculus-system-that-has-been-unbeatable-for-50-years\/","name":"Un grup de matem\u00e0tics a Val\u00e8ncia millora un sistema de c\u00e0lcul \"imbatible\" durant 50 anys - I. U. de Matem\u00e0tica Multidisciplin\u00e0ria","isPartOf":{"@id":"https:\/\/imm.webs.upv.es\/#website"},"primaryImageOfPage":{"@id":"https:\/\/imm.webs.upv.es\/a-group-of-mathematicians-in-valencia-improves-a-calculus-system-that-has-been-unbeatable-for-50-years\/#primaryimage"},"image":{"@id":"https:\/\/imm.webs.upv.es\/a-group-of-mathematicians-in-valencia-improves-a-calculus-system-that-has-been-unbeatable-for-50-years\/#primaryimage"},"thumbnailUrl":"https:\/\/imm.webs.upv.es\/wp-content\/uploads\/2023\/03\/751435134_231934932_1024x576.webp","datePublished":"2023-03-29T08:13:30+00:00","dateModified":"2025-01-30T13:32:12+00:00","breadcrumb":{"@id":"https:\/\/imm.webs.upv.es\/a-group-of-mathematicians-in-valencia-improves-a-calculus-system-that-has-been-unbeatable-for-50-years\/#breadcrumb"},"inLanguage":"ca","potentialAction":[{"@type":"ReadAction","target":["https:\/\/imm.webs.upv.es\/a-group-of-mathematicians-in-valencia-improves-a-calculus-system-that-has-been-unbeatable-for-50-years\/"]}]},{"@type":"ImageObject","inLanguage":"ca","@id":"https:\/\/imm.webs.upv.es\/a-group-of-mathematicians-in-valencia-improves-a-calculus-system-that-has-been-unbeatable-for-50-years\/#primaryimage","url":"https:\/\/imm.webs.upv.es\/wp-content\/uploads\/2023\/03\/751435134_231934932_1024x576.webp","contentUrl":"https:\/\/imm.webs.upv.es\/wp-content\/uploads\/2023\/03\/751435134_231934932_1024x576.webp","width":1024,"height":576},{"@type":"BreadcrumbList","@id":"https:\/\/imm.webs.upv.es\/a-group-of-mathematicians-in-valencia-improves-a-calculus-system-that-has-been-unbeatable-for-50-years\/#breadcrumb","itemListElement":[{"@type":"ListItem","position":1,"name":"Home","item":"https:\/\/imm.webs.upv.es\/"},{"@type":"ListItem","position":2,"name":"A group of mathematicians in Valencia improves a calculus system that has been &#8220;unbeatable&#8221; for 50 years"}]},{"@type":"WebSite","@id":"https:\/\/imm.webs.upv.es\/#website","url":"https:\/\/imm.webs.upv.es\/","name":"I. U. de Matem\u00e0tica Multidisciplin\u00e0ria","description":"","publisher":{"@id":"https:\/\/imm.webs.upv.es\/#organization"},"potentialAction":[{"@type":"SearchAction","target":{"@type":"EntryPoint","urlTemplate":"https:\/\/imm.webs.upv.es\/?s={search_term_string}"},"query-input":{"@type":"PropertyValueSpecification","valueRequired":true,"valueName":"search_term_string"}}],"inLanguage":"ca"},{"@type":"Organization","@id":"https:\/\/imm.webs.upv.es\/#organization","name":"I. U. de Matem\u00e1tica Multidisciplinar","url":"https:\/\/imm.webs.upv.es\/","logo":{"@type":"ImageObject","inLanguage":"ca","@id":"https:\/\/imm.webs.upv.es\/#\/schema\/logo\/image\/","url":"https:\/\/imm.webs.upv.es\/wp-content\/uploads\/2020\/11\/imm_blue-1.png","contentUrl":"https:\/\/imm.webs.upv.es\/wp-content\/uploads\/2020\/11\/imm_blue-1.png","width":931,"height":498,"caption":"I. U. de Matem\u00e1tica Multidisciplinar"},"image":{"@id":"https:\/\/imm.webs.upv.es\/#\/schema\/logo\/image\/"}},{"@type":"Person","@id":"https:\/\/imm.webs.upv.es\/#\/schema\/person\/3a01efcd7e7d66b83875b866576d05f4","name":"admin","image":{"@type":"ImageObject","inLanguage":"ca","@id":"https:\/\/secure.gravatar.com\/avatar\/493534f54da39aef6ce2003bc984565871e277e5136e50eac1c5a277c4113d39?s=96&d=mm&r=g","url":"https:\/\/secure.gravatar.com\/avatar\/493534f54da39aef6ce2003bc984565871e277e5136e50eac1c5a277c4113d39?s=96&d=mm&r=g","contentUrl":"https:\/\/secure.gravatar.com\/avatar\/493534f54da39aef6ce2003bc984565871e277e5136e50eac1c5a277c4113d39?s=96&d=mm&r=g","caption":"admin"},"url":"https:\/\/imm.webs.upv.es\/ca\/author\/admin-2\/"}]}},"_links":{"self":[{"href":"https:\/\/imm.webs.upv.es\/ca\/wp-json\/wp\/v2\/posts\/2844","targetHints":{"allow":["GET"]}}],"collection":[{"href":"https:\/\/imm.webs.upv.es\/ca\/wp-json\/wp\/v2\/posts"}],"about":[{"href":"https:\/\/imm.webs.upv.es\/ca\/wp-json\/wp\/v2\/types\/post"}],"author":[{"embeddable":true,"href":"https:\/\/imm.webs.upv.es\/ca\/wp-json\/wp\/v2\/users\/4"}],"replies":[{"embeddable":true,"href":"https:\/\/imm.webs.upv.es\/ca\/wp-json\/wp\/v2\/comments?post=2844"}],"version-history":[{"count":10,"href":"https:\/\/imm.webs.upv.es\/ca\/wp-json\/wp\/v2\/posts\/2844\/revisions"}],"predecessor-version":[{"id":2868,"href":"https:\/\/imm.webs.upv.es\/ca\/wp-json\/wp\/v2\/posts\/2844\/revisions\/2868"}],"wp:featuredmedia":[{"embeddable":true,"href":"https:\/\/imm.webs.upv.es\/ca\/wp-json\/wp\/v2\/media\/2845"}],"wp:attachment":[{"href":"https:\/\/imm.webs.upv.es\/ca\/wp-json\/wp\/v2\/media?parent=2844"}],"wp:term":[{"taxonomy":"category","embeddable":true,"href":"https:\/\/imm.webs.upv.es\/ca\/wp-json\/wp\/v2\/categories?post=2844"},{"taxonomy":"post_tag","embeddable":true,"href":"https:\/\/imm.webs.upv.es\/ca\/wp-json\/wp\/v2\/tags?post=2844"}],"curies":[{"name":"wp","href":"https:\/\/api.w.org\/{rel}","templated":true}]}}