{"id":4838,"date":"2026-03-13T12:00:04","date_gmt":"2026-03-13T11:00:04","guid":{"rendered":"https:\/\/imm.webs.upv.es\/?p=4838"},"modified":"2026-03-13T12:01:33","modified_gmt":"2026-03-13T11:01:33","slug":"mathematics-takes-center-stage-at-the-upv-geometry-and-fashion-on-pi-day","status":"publish","type":"post","link":"https:\/\/imm.webs.upv.es\/ca\/mathematics-takes-center-stage-at-the-upv-geometry-and-fashion-on-pi-day\/","title":{"rendered":"Les matem\u00e0tiques desfilen en la UPV: &#8220;Geometria i Moda&#8221; en el dia Pi"},"content":{"rendered":"\n<p>La UPV ha vestit hui les seues millors gal\u00b7les cient\u00edfiques per a commemorar el Dia Internacional de les Matem\u00e0tiques. El plat fort de la jornada ha sigut la confer\u00e8ncia inaugural de l&#8217;exposici\u00f3 &#8220;Geometria i Moda&#8221;, una cita que ha demostrat que les equacions i les passarel\u00b7les tenen molt m\u00e9s en com\u00fa del que dicta el preju\u00ed.<\/p>\n\n\n\n<p>La xarrada, celebrada a la Sala de Projeccions de l&#8217;ETS Arquitectura, ha sigut a c\u00e0rrec de Maril\u00f3 L\u00f3pez, professora de la Universidad Polit\u00e9cnica de Madrid i amb un ampli bagatge en divulgaci\u00f3 matem\u00e0tica. L&#8217;esdeveniment ha sigut el resultat d&#8217;una estreta col\u00b7laboraci\u00f3 entre el Departament de Matem\u00e0tica Aplicada, el nostre IMM i l&#8217;Institut Universitari de Matem\u00e0tica Pura i Aplicada.<\/p>\n\n\n\n<p>Durant la seua intervenci\u00f3, Maril\u00f3 L\u00f3pez ha desgranat com l&#8217;exposici\u00f3 \u00e9s el fruit d&#8217;un treball coral i disruptiu. El projecte ha aconseguit unir el rigor anal\u00edtic d&#8217;estudiants de matem\u00e0tiques amb la visi\u00f3 creativa de professionals del sector de la moda.<\/p>\n\n\n\n<p>Despr\u00e9s de la xarrada, els assistents han pogut gaudir de la inauguraci\u00f3 oficial de la mostra en la mateixa Sala d&#8217;Exposicions de l&#8217;ETS Arquitectura. L&#8217;exposici\u00f3 no \u00e9s nom\u00e9s una exhibici\u00f3 de peces, sin\u00f3 un recorregut did\u00e0ctic per la bellesa intr\u00ednseca dels n\u00fameros. Esta mostra roman oberta al p\u00fablic fins al 18 d&#8217;abril de 2026.<\/p>\n\n\n\n<p>Esta iniciativa refor\u00e7a el paper de les matem\u00e0tiques com una disciplina viva, capa\u00e7 de dialogar amb l&#8217;art i la ind\u00fastria per a oferir solucions est\u00e8tiques i funcionals en el nostre dia a dia.<\/p>\n\n\n\nngg_shortcode_0_placeholder\n","protected":false},"excerpt":{"rendered":"<p>La UPV ha vestit hui les seues millors gal\u00b7les cient\u00edfiques per a commemorar el Dia Internacional de les Matem\u00e0tiques. El plat fort de la jornada ha sigut la confer\u00e8ncia inaugural de l&#8217;exposici\u00f3 &#8220;Geometria i Moda&#8221;, una cita que ha demostrat que les equacions i les passarel\u00b7les tenen molt m\u00e9s en&#8230; <a class=\"continue-reading-link\" href=\"https:\/\/imm.webs.upv.es\/ca\/mathematics-takes-center-stage-at-the-upv-geometry-and-fashion-on-pi-day\/\">Show more<\/a><\/p>\n","protected":false},"author":4,"featured_media":4846,"comment_status":"closed","ping_status":"closed","sticky":false,"template":"","format":"standard","meta":{"ngg_post_thumbnail":0,"footnotes":""},"categories":[16,13],"tags":[],"class_list":["post-4838","post","type-post","status-publish","format-standard","has-post-thumbnail","hentry","category-activities","category-news"],"translation":{"provider":"WPGlobus","version":"3.0.2","language":"ca","enabled_languages":["en","ca","es"],"languages":{"en":{"title":true,"content":true,"excerpt":false},"ca":{"title":true,"content":true,"excerpt":false},"es":{"title":true,"content":true,"excerpt":false}}},"yoast_head":"<!-- This site is optimized with the Yoast SEO plugin v27.5 - https:\/\/yoast.com\/product\/yoast-seo-wordpress\/ -->\n<title>Les matem\u00e0tiques desfilen en la UPV: &quot;Geometria i Moda&quot; en el dia Pi - I. U. de Matem\u00e0tica Multidisciplin\u00e0ria<\/title>\n<meta name=\"robots\" content=\"index, follow, max-snippet:-1, max-image-preview:large, max-video-preview:-1\" \/>\n<link rel=\"canonical\" href=\"https:\/\/imm.webs.upv.es\/mathematics-takes-center-stage-at-the-upv-geometry-and-fashion-on-pi-day\/\" \/>\n<meta property=\"og:locale\" content=\"ca_ES\" \/>\n<meta property=\"og:type\" content=\"article\" \/>\n<meta property=\"og:title\" content=\"Les matem\u00e0tiques desfilen en la UPV: &quot;Geometria i Moda&quot; en el dia Pi - I. U. de Matem\u00e0tica Multidisciplin\u00e0ria\" \/>\n<meta property=\"og:url\" content=\"https:\/\/imm.webs.upv.es\/mathematics-takes-center-stage-at-the-upv-geometry-and-fashion-on-pi-day\/\" \/>\n<meta property=\"og:site_name\" content=\"I. U. de Matem\u00e0tica Multidisciplin\u00e0ria\" \/>\n<meta property=\"article:published_time\" content=\"2026-03-13T11:00:04+00:00\" \/>\n<meta property=\"article:modified_time\" content=\"2026-03-13T11:01:33+00:00\" \/>\n<meta name=\"author\" content=\"admin\" \/>\n<meta name=\"twitter:card\" content=\"summary_large_image\" \/>\n<meta name=\"twitter:label1\" content=\"Escrit per\" \/>\n\t<meta name=\"twitter:data1\" content=\"admin\" \/>\n\t<meta name=\"twitter:label2\" content=\"Temps estimat de lectura\" \/>\n\t<meta name=\"twitter:data2\" content=\"2 minuts\" \/>\n<script type=\"application\/ld+json\" class=\"yoast-schema-graph\">{\"@context\":\"https:\\\/\\\/schema.org\",\"@graph\":[{\"@type\":\"Article\",\"@id\":\"https:\\\/\\\/imm.webs.upv.es\\\/mathematics-takes-center-stage-at-the-upv-geometry-and-fashion-on-pi-day\\\/#article\",\"isPartOf\":{\"@id\":\"https:\\\/\\\/imm.webs.upv.es\\\/mathematics-takes-center-stage-at-the-upv-geometry-and-fashion-on-pi-day\\\/\"},\"author\":{\"name\":\"admin\",\"@id\":\"https:\\\/\\\/imm.webs.upv.es\\\/#\\\/schema\\\/person\\\/3a01efcd7e7d66b83875b866576d05f4\"},\"headline\":\"Les matem\u00e0tiques desfilen en la UPV: &#8220;Geometria i Moda&#8221; en el dia Pi\",\"datePublished\":\"2026-03-13T11:00:04+00:00\",\"dateModified\":\"2026-03-13T11:01:33+00:00\",\"mainEntityOfPage\":{\"@id\":\"https:\\\/\\\/imm.webs.upv.es\\\/mathematics-takes-center-stage-at-the-upv-geometry-and-fashion-on-pi-day\\\/\"},\"wordCount\":856,\"publisher\":{\"@id\":\"https:\\\/\\\/imm.webs.upv.es\\\/#organization\"},\"image\":{\"@id\":\"https:\\\/\\\/imm.webs.upv.es\\\/mathematics-takes-center-stage-at-the-upv-geometry-and-fashion-on-pi-day\\\/#primaryimage\"},\"thumbnailUrl\":\"https:\\\/\\\/imm.webs.upv.es\\\/wp-content\\\/uploads\\\/2026\\\/03\\\/PXL_20260312_1201328192.jpg\",\"articleSection\":[\"Activitats\",\"Not\u00edcies\"],\"inLanguage\":\"ca\"},{\"@type\":\"WebPage\",\"@id\":\"https:\\\/\\\/imm.webs.upv.es\\\/mathematics-takes-center-stage-at-the-upv-geometry-and-fashion-on-pi-day\\\/\",\"url\":\"https:\\\/\\\/imm.webs.upv.es\\\/mathematics-takes-center-stage-at-the-upv-geometry-and-fashion-on-pi-day\\\/\",\"name\":\"Les matem\u00e0tiques desfilen en la UPV: \\\"Geometria i Moda\\\" en el dia Pi - I. U. de Matem\u00e0tica Multidisciplin\u00e0ria\",\"isPartOf\":{\"@id\":\"https:\\\/\\\/imm.webs.upv.es\\\/#website\"},\"primaryImageOfPage\":{\"@id\":\"https:\\\/\\\/imm.webs.upv.es\\\/mathematics-takes-center-stage-at-the-upv-geometry-and-fashion-on-pi-day\\\/#primaryimage\"},\"image\":{\"@id\":\"https:\\\/\\\/imm.webs.upv.es\\\/mathematics-takes-center-stage-at-the-upv-geometry-and-fashion-on-pi-day\\\/#primaryimage\"},\"thumbnailUrl\":\"https:\\\/\\\/imm.webs.upv.es\\\/wp-content\\\/uploads\\\/2026\\\/03\\\/PXL_20260312_1201328192.jpg\",\"datePublished\":\"2026-03-13T11:00:04+00:00\",\"dateModified\":\"2026-03-13T11:01:33+00:00\",\"breadcrumb\":{\"@id\":\"https:\\\/\\\/imm.webs.upv.es\\\/mathematics-takes-center-stage-at-the-upv-geometry-and-fashion-on-pi-day\\\/#breadcrumb\"},\"inLanguage\":\"ca\",\"potentialAction\":[{\"@type\":\"ReadAction\",\"target\":[\"https:\\\/\\\/imm.webs.upv.es\\\/mathematics-takes-center-stage-at-the-upv-geometry-and-fashion-on-pi-day\\\/\"]}]},{\"@type\":\"ImageObject\",\"inLanguage\":\"ca\",\"@id\":\"https:\\\/\\\/imm.webs.upv.es\\\/mathematics-takes-center-stage-at-the-upv-geometry-and-fashion-on-pi-day\\\/#primaryimage\",\"url\":\"https:\\\/\\\/imm.webs.upv.es\\\/wp-content\\\/uploads\\\/2026\\\/03\\\/PXL_20260312_1201328192.jpg\",\"contentUrl\":\"https:\\\/\\\/imm.webs.upv.es\\\/wp-content\\\/uploads\\\/2026\\\/03\\\/PXL_20260312_1201328192.jpg\",\"width\":2374,\"height\":1187},{\"@type\":\"BreadcrumbList\",\"@id\":\"https:\\\/\\\/imm.webs.upv.es\\\/mathematics-takes-center-stage-at-the-upv-geometry-and-fashion-on-pi-day\\\/#breadcrumb\",\"itemListElement\":[{\"@type\":\"ListItem\",\"position\":1,\"name\":\"Home\",\"item\":\"https:\\\/\\\/imm.webs.upv.es\\\/\"},{\"@type\":\"ListItem\",\"position\":2,\"name\":\"Mathematics takes center stage at the UPV: \u201cGeometry and Fashion\u201d on Pi Day\"}]},{\"@type\":\"WebSite\",\"@id\":\"https:\\\/\\\/imm.webs.upv.es\\\/#website\",\"url\":\"https:\\\/\\\/imm.webs.upv.es\\\/\",\"name\":\"I. U. de Matem\u00e0tica Multidisciplin\u00e0ria\",\"description\":\"\",\"publisher\":{\"@id\":\"https:\\\/\\\/imm.webs.upv.es\\\/#organization\"},\"potentialAction\":[{\"@type\":\"SearchAction\",\"target\":{\"@type\":\"EntryPoint\",\"urlTemplate\":\"https:\\\/\\\/imm.webs.upv.es\\\/?s={search_term_string}\"},\"query-input\":{\"@type\":\"PropertyValueSpecification\",\"valueRequired\":true,\"valueName\":\"search_term_string\"}}],\"inLanguage\":\"ca\"},{\"@type\":\"Organization\",\"@id\":\"https:\\\/\\\/imm.webs.upv.es\\\/#organization\",\"name\":\"I. U. de Matem\u00e1tica Multidisciplinar\",\"url\":\"https:\\\/\\\/imm.webs.upv.es\\\/\",\"logo\":{\"@type\":\"ImageObject\",\"inLanguage\":\"ca\",\"@id\":\"https:\\\/\\\/imm.webs.upv.es\\\/#\\\/schema\\\/logo\\\/image\\\/\",\"url\":\"https:\\\/\\\/imm.webs.upv.es\\\/wp-content\\\/uploads\\\/2020\\\/11\\\/imm_blue-1.png\",\"contentUrl\":\"https:\\\/\\\/imm.webs.upv.es\\\/wp-content\\\/uploads\\\/2020\\\/11\\\/imm_blue-1.png\",\"width\":931,\"height\":498,\"caption\":\"I. U. de Matem\u00e1tica Multidisciplinar\"},\"image\":{\"@id\":\"https:\\\/\\\/imm.webs.upv.es\\\/#\\\/schema\\\/logo\\\/image\\\/\"}},{\"@type\":\"Person\",\"@id\":\"https:\\\/\\\/imm.webs.upv.es\\\/#\\\/schema\\\/person\\\/3a01efcd7e7d66b83875b866576d05f4\",\"name\":\"admin\",\"image\":{\"@type\":\"ImageObject\",\"inLanguage\":\"ca\",\"@id\":\"https:\\\/\\\/secure.gravatar.com\\\/avatar\\\/493534f54da39aef6ce2003bc984565871e277e5136e50eac1c5a277c4113d39?s=96&d=mm&r=g\",\"url\":\"https:\\\/\\\/secure.gravatar.com\\\/avatar\\\/493534f54da39aef6ce2003bc984565871e277e5136e50eac1c5a277c4113d39?s=96&d=mm&r=g\",\"contentUrl\":\"https:\\\/\\\/secure.gravatar.com\\\/avatar\\\/493534f54da39aef6ce2003bc984565871e277e5136e50eac1c5a277c4113d39?s=96&d=mm&r=g\",\"caption\":\"admin\"},\"url\":\"https:\\\/\\\/imm.webs.upv.es\\\/ca\\\/author\\\/admin-2\\\/\"}]}<\/script>\n<!-- \/ Yoast SEO plugin. -->","yoast_head_json":{"title":"Les matem\u00e0tiques desfilen en la UPV: \"Geometria i Moda\" en el dia Pi - I. U. de Matem\u00e0tica Multidisciplin\u00e0ria","robots":{"index":"index","follow":"follow","max-snippet":"max-snippet:-1","max-image-preview":"max-image-preview:large","max-video-preview":"max-video-preview:-1"},"canonical":"https:\/\/imm.webs.upv.es\/mathematics-takes-center-stage-at-the-upv-geometry-and-fashion-on-pi-day\/","og_locale":"ca_ES","og_type":"article","og_title":"Les matem\u00e0tiques desfilen en la UPV: \"Geometria i Moda\" en el dia Pi - I. U. de Matem\u00e0tica Multidisciplin\u00e0ria","og_url":"https:\/\/imm.webs.upv.es\/mathematics-takes-center-stage-at-the-upv-geometry-and-fashion-on-pi-day\/","og_site_name":"I. U. de Matem\u00e0tica Multidisciplin\u00e0ria","article_published_time":"2026-03-13T11:00:04+00:00","article_modified_time":"2026-03-13T11:01:33+00:00","author":"admin","twitter_card":"summary_large_image","twitter_misc":{"Escrit per":"admin","Temps estimat de lectura":"2 minuts"},"schema":{"@context":"https:\/\/schema.org","@graph":[{"@type":"Article","@id":"https:\/\/imm.webs.upv.es\/mathematics-takes-center-stage-at-the-upv-geometry-and-fashion-on-pi-day\/#article","isPartOf":{"@id":"https:\/\/imm.webs.upv.es\/mathematics-takes-center-stage-at-the-upv-geometry-and-fashion-on-pi-day\/"},"author":{"name":"admin","@id":"https:\/\/imm.webs.upv.es\/#\/schema\/person\/3a01efcd7e7d66b83875b866576d05f4"},"headline":"Les matem\u00e0tiques desfilen en la UPV: &#8220;Geometria i Moda&#8221; en el dia Pi","datePublished":"2026-03-13T11:00:04+00:00","dateModified":"2026-03-13T11:01:33+00:00","mainEntityOfPage":{"@id":"https:\/\/imm.webs.upv.es\/mathematics-takes-center-stage-at-the-upv-geometry-and-fashion-on-pi-day\/"},"wordCount":856,"publisher":{"@id":"https:\/\/imm.webs.upv.es\/#organization"},"image":{"@id":"https:\/\/imm.webs.upv.es\/mathematics-takes-center-stage-at-the-upv-geometry-and-fashion-on-pi-day\/#primaryimage"},"thumbnailUrl":"https:\/\/imm.webs.upv.es\/wp-content\/uploads\/2026\/03\/PXL_20260312_1201328192.jpg","articleSection":["Activitats","Not\u00edcies"],"inLanguage":"ca"},{"@type":"WebPage","@id":"https:\/\/imm.webs.upv.es\/mathematics-takes-center-stage-at-the-upv-geometry-and-fashion-on-pi-day\/","url":"https:\/\/imm.webs.upv.es\/mathematics-takes-center-stage-at-the-upv-geometry-and-fashion-on-pi-day\/","name":"Les matem\u00e0tiques desfilen en la UPV: \"Geometria i Moda\" en el dia Pi - I. U. de Matem\u00e0tica Multidisciplin\u00e0ria","isPartOf":{"@id":"https:\/\/imm.webs.upv.es\/#website"},"primaryImageOfPage":{"@id":"https:\/\/imm.webs.upv.es\/mathematics-takes-center-stage-at-the-upv-geometry-and-fashion-on-pi-day\/#primaryimage"},"image":{"@id":"https:\/\/imm.webs.upv.es\/mathematics-takes-center-stage-at-the-upv-geometry-and-fashion-on-pi-day\/#primaryimage"},"thumbnailUrl":"https:\/\/imm.webs.upv.es\/wp-content\/uploads\/2026\/03\/PXL_20260312_1201328192.jpg","datePublished":"2026-03-13T11:00:04+00:00","dateModified":"2026-03-13T11:01:33+00:00","breadcrumb":{"@id":"https:\/\/imm.webs.upv.es\/mathematics-takes-center-stage-at-the-upv-geometry-and-fashion-on-pi-day\/#breadcrumb"},"inLanguage":"ca","potentialAction":[{"@type":"ReadAction","target":["https:\/\/imm.webs.upv.es\/mathematics-takes-center-stage-at-the-upv-geometry-and-fashion-on-pi-day\/"]}]},{"@type":"ImageObject","inLanguage":"ca","@id":"https:\/\/imm.webs.upv.es\/mathematics-takes-center-stage-at-the-upv-geometry-and-fashion-on-pi-day\/#primaryimage","url":"https:\/\/imm.webs.upv.es\/wp-content\/uploads\/2026\/03\/PXL_20260312_1201328192.jpg","contentUrl":"https:\/\/imm.webs.upv.es\/wp-content\/uploads\/2026\/03\/PXL_20260312_1201328192.jpg","width":2374,"height":1187},{"@type":"BreadcrumbList","@id":"https:\/\/imm.webs.upv.es\/mathematics-takes-center-stage-at-the-upv-geometry-and-fashion-on-pi-day\/#breadcrumb","itemListElement":[{"@type":"ListItem","position":1,"name":"Home","item":"https:\/\/imm.webs.upv.es\/"},{"@type":"ListItem","position":2,"name":"Mathematics takes center stage at the UPV: \u201cGeometry and Fashion\u201d on Pi Day"}]},{"@type":"WebSite","@id":"https:\/\/imm.webs.upv.es\/#website","url":"https:\/\/imm.webs.upv.es\/","name":"I. U. de Matem\u00e0tica Multidisciplin\u00e0ria","description":"","publisher":{"@id":"https:\/\/imm.webs.upv.es\/#organization"},"potentialAction":[{"@type":"SearchAction","target":{"@type":"EntryPoint","urlTemplate":"https:\/\/imm.webs.upv.es\/?s={search_term_string}"},"query-input":{"@type":"PropertyValueSpecification","valueRequired":true,"valueName":"search_term_string"}}],"inLanguage":"ca"},{"@type":"Organization","@id":"https:\/\/imm.webs.upv.es\/#organization","name":"I. U. de Matem\u00e1tica Multidisciplinar","url":"https:\/\/imm.webs.upv.es\/","logo":{"@type":"ImageObject","inLanguage":"ca","@id":"https:\/\/imm.webs.upv.es\/#\/schema\/logo\/image\/","url":"https:\/\/imm.webs.upv.es\/wp-content\/uploads\/2020\/11\/imm_blue-1.png","contentUrl":"https:\/\/imm.webs.upv.es\/wp-content\/uploads\/2020\/11\/imm_blue-1.png","width":931,"height":498,"caption":"I. U. de Matem\u00e1tica Multidisciplinar"},"image":{"@id":"https:\/\/imm.webs.upv.es\/#\/schema\/logo\/image\/"}},{"@type":"Person","@id":"https:\/\/imm.webs.upv.es\/#\/schema\/person\/3a01efcd7e7d66b83875b866576d05f4","name":"admin","image":{"@type":"ImageObject","inLanguage":"ca","@id":"https:\/\/secure.gravatar.com\/avatar\/493534f54da39aef6ce2003bc984565871e277e5136e50eac1c5a277c4113d39?s=96&d=mm&r=g","url":"https:\/\/secure.gravatar.com\/avatar\/493534f54da39aef6ce2003bc984565871e277e5136e50eac1c5a277c4113d39?s=96&d=mm&r=g","contentUrl":"https:\/\/secure.gravatar.com\/avatar\/493534f54da39aef6ce2003bc984565871e277e5136e50eac1c5a277c4113d39?s=96&d=mm&r=g","caption":"admin"},"url":"https:\/\/imm.webs.upv.es\/ca\/author\/admin-2\/"}]}},"_links":{"self":[{"href":"https:\/\/imm.webs.upv.es\/ca\/wp-json\/wp\/v2\/posts\/4838","targetHints":{"allow":["GET"]}}],"collection":[{"href":"https:\/\/imm.webs.upv.es\/ca\/wp-json\/wp\/v2\/posts"}],"about":[{"href":"https:\/\/imm.webs.upv.es\/ca\/wp-json\/wp\/v2\/types\/post"}],"author":[{"embeddable":true,"href":"https:\/\/imm.webs.upv.es\/ca\/wp-json\/wp\/v2\/users\/4"}],"replies":[{"embeddable":true,"href":"https:\/\/imm.webs.upv.es\/ca\/wp-json\/wp\/v2\/comments?post=4838"}],"version-history":[{"count":3,"href":"https:\/\/imm.webs.upv.es\/ca\/wp-json\/wp\/v2\/posts\/4838\/revisions"}],"predecessor-version":[{"id":4849,"href":"https:\/\/imm.webs.upv.es\/ca\/wp-json\/wp\/v2\/posts\/4838\/revisions\/4849"}],"wp:featuredmedia":[{"embeddable":true,"href":"https:\/\/imm.webs.upv.es\/ca\/wp-json\/wp\/v2\/media\/4846"}],"wp:attachment":[{"href":"https:\/\/imm.webs.upv.es\/ca\/wp-json\/wp\/v2\/media?parent=4838"}],"wp:term":[{"taxonomy":"category","embeddable":true,"href":"https:\/\/imm.webs.upv.es\/ca\/wp-json\/wp\/v2\/categories?post=4838"},{"taxonomy":"post_tag","embeddable":true,"href":"https:\/\/imm.webs.upv.es\/ca\/wp-json\/wp\/v2\/tags?post=4838"}],"curies":[{"name":"wp","href":"https:\/\/api.w.org\/{rel}","templated":true}]}}