{"id":4664,"date":"2025-09-12T14:46:49","date_gmt":"2025-09-12T12:46:49","guid":{"rendered":"https:\/\/imm.webs.upv.es\/?p=4664"},"modified":"2025-09-12T15:00:44","modified_gmt":"2025-09-12T13:00:44","slug":"collaboration-agreement-with-the-national-institute-for-mathematical-sciences-nims-of-south-korea","status":"publish","type":"post","link":"https:\/\/imm.webs.upv.es\/es\/collaboration-agreement-with-the-national-institute-for-mathematical-sciences-nims-of-south-korea\/","title":{"rendered":"Convenio de colaboraci\u00f3n con el National Institute for Mathematical Sciences (NIMS) de Corea del Sur"},"content":{"rendered":"\n<p>El IMM y el National Institute for Mathematical Sciences (NIMS) de Corea del Sur han firmado un convenio de colaboraci\u00f3n entre ambas entidades para para promover la investigaci\u00f3n y el intercambio de personal pre y postdoctoral.<\/p>\n\n\n\n<p>El jueves 11 de septiembre fue el turno de la firma del convenio por la UPV y el NIMS. El convenio ha sido suscrito por la vicerrectora de investigaci\u00f3n de la UPV, Bel\u00e9n Pic\u00f3, y Yun Sung Choi, presidente del NIMS, acompa\u00f1ados de Juan Carlos Cort\u00e9s y Jos\u00e9 Manuel Calabuig, directores del IMM y del IUMPA, respectivamente. Este acuerdo incluye el intercambio de personal investigador para impartir conferencias, dirigir seminarios y participar en talleres, adem\u00e1s de la puesta en marcha de nuevos proyectos de investigaci\u00f3n. Tras la firma del acuerdo se produjo una presentaci\u00f3n de las l\u00edneas de investigaci\u00f3n de las tres entidades.<\/p>\n\n\n\n<p>\u201cAl reunir a la UPV, el NIMS y organismos l\u00edderes como el IMM y el IUMPA, este acuerdo sienta las bases para una colaboraci\u00f3n global que fomenta el talento en las ciencias matem\u00e1ticas y contribuye al progreso de la humanidad\u201d, ha destacado Yun Sung Choi.<\/p>\n\n\n\n<p>El viernes 12 de septiembre, el NIMS visit\u00f3 el IMM para firmar el convenio de colaboraci\u00f3n. En su visita, los miembros del NIMS conocieron las instalaciones del IMM e intercambiaron opiniones e inquietudes con los investigadores pre y postdoctorales.<\/p>\n\n\n\n<p>Noticia en la web UPV: https:\/\/www.upv.es\/noticias-upv\/noticia-15373-convenio-con-e-es.html<\/p>\n\n\n\nngg_shortcode_0_placeholder\n","protected":false},"excerpt":{"rendered":"<p>El IMM y el National Institute for Mathematical Sciences (NIMS) de Corea del Sur han firmado un convenio de colaboraci\u00f3n entre ambas entidades para para promover la investigaci\u00f3n y el intercambio de personal pre y postdoctoral. El jueves 11 de septiembre fue el turno de la firma del convenio por&#8230; <a class=\"continue-reading-link\" href=\"https:\/\/imm.webs.upv.es\/es\/collaboration-agreement-with-the-national-institute-for-mathematical-sciences-nims-of-south-korea\/\">Show more<\/a><\/p>\n","protected":false},"author":4,"featured_media":0,"comment_status":"closed","ping_status":"closed","sticky":false,"template":"","format":"standard","meta":{"ngg_post_thumbnail":0,"footnotes":""},"categories":[13],"tags":[],"class_list":["post-4664","post","type-post","status-publish","format-standard","hentry","category-news"],"translation":{"provider":"WPGlobus","version":"3.0.2","language":"es","enabled_languages":["en","ca","es"],"languages":{"en":{"title":true,"content":true,"excerpt":false},"ca":{"title":true,"content":true,"excerpt":false},"es":{"title":true,"content":true,"excerpt":false}}},"yoast_head":"<!-- This site is optimized with the Yoast SEO plugin v27.5 - https:\/\/yoast.com\/product\/yoast-seo-wordpress\/ -->\n<title>Convenio de colaboraci\u00f3n con el National Institute for Mathematical Sciences (NIMS) de Corea del Sur - I. U. de Matem\u00e1tica Multidisciplinar<\/title>\n<meta name=\"robots\" content=\"index, follow, max-snippet:-1, max-image-preview:large, max-video-preview:-1\" \/>\n<link rel=\"canonical\" href=\"https:\/\/imm.webs.upv.es\/collaboration-agreement-with-the-national-institute-for-mathematical-sciences-nims-of-south-korea\/\" \/>\n<meta property=\"og:locale\" content=\"es_ES\" \/>\n<meta property=\"og:type\" content=\"article\" \/>\n<meta property=\"og:title\" content=\"Convenio de colaboraci\u00f3n con el National Institute for Mathematical Sciences (NIMS) de Corea del Sur - I. U. de Matem\u00e1tica Multidisciplinar\" \/>\n<meta property=\"og:url\" content=\"https:\/\/imm.webs.upv.es\/collaboration-agreement-with-the-national-institute-for-mathematical-sciences-nims-of-south-korea\/\" \/>\n<meta property=\"og:site_name\" content=\"I. U. de Matem\u00e1tica Multidisciplinar\" \/>\n<meta property=\"article:published_time\" content=\"2025-09-12T12:46:49+00:00\" \/>\n<meta property=\"article:modified_time\" content=\"2025-09-12T13:00:44+00:00\" \/>\n<meta name=\"author\" content=\"admin\" \/>\n<meta name=\"twitter:card\" content=\"summary_large_image\" \/>\n<meta name=\"twitter:label1\" content=\"Escrito por\" \/>\n\t<meta name=\"twitter:data1\" content=\"admin\" \/>\n<script type=\"application\/ld+json\" class=\"yoast-schema-graph\">{\"@context\":\"https:\\\/\\\/schema.org\",\"@graph\":[{\"@type\":\"Article\",\"@id\":\"https:\\\/\\\/imm.webs.upv.es\\\/collaboration-agreement-with-the-national-institute-for-mathematical-sciences-nims-of-south-korea\\\/#article\",\"isPartOf\":{\"@id\":\"https:\\\/\\\/imm.webs.upv.es\\\/collaboration-agreement-with-the-national-institute-for-mathematical-sciences-nims-of-south-korea\\\/\"},\"author\":{\"name\":\"admin\",\"@id\":\"https:\\\/\\\/imm.webs.upv.es\\\/#\\\/schema\\\/person\\\/3a01efcd7e7d66b83875b866576d05f4\"},\"headline\":\"Convenio de colaboraci\u00f3n con el National Institute for Mathematical Sciences (NIMS) de Corea del Sur\",\"datePublished\":\"2025-09-12T12:46:49+00:00\",\"dateModified\":\"2025-09-12T13:00:44+00:00\",\"mainEntityOfPage\":{\"@id\":\"https:\\\/\\\/imm.webs.upv.es\\\/collaboration-agreement-with-the-national-institute-for-mathematical-sciences-nims-of-south-korea\\\/\"},\"wordCount\":804,\"publisher\":{\"@id\":\"https:\\\/\\\/imm.webs.upv.es\\\/#organization\"},\"articleSection\":[\"Noticias\"],\"inLanguage\":\"es\"},{\"@type\":\"WebPage\",\"@id\":\"https:\\\/\\\/imm.webs.upv.es\\\/collaboration-agreement-with-the-national-institute-for-mathematical-sciences-nims-of-south-korea\\\/\",\"url\":\"https:\\\/\\\/imm.webs.upv.es\\\/collaboration-agreement-with-the-national-institute-for-mathematical-sciences-nims-of-south-korea\\\/\",\"name\":\"Convenio de colaboraci\u00f3n con el National Institute for Mathematical Sciences (NIMS) de Corea del Sur - I. U. de Matem\u00e1tica Multidisciplinar\",\"isPartOf\":{\"@id\":\"https:\\\/\\\/imm.webs.upv.es\\\/#website\"},\"datePublished\":\"2025-09-12T12:46:49+00:00\",\"dateModified\":\"2025-09-12T13:00:44+00:00\",\"breadcrumb\":{\"@id\":\"https:\\\/\\\/imm.webs.upv.es\\\/collaboration-agreement-with-the-national-institute-for-mathematical-sciences-nims-of-south-korea\\\/#breadcrumb\"},\"inLanguage\":\"es\",\"potentialAction\":[{\"@type\":\"ReadAction\",\"target\":[\"https:\\\/\\\/imm.webs.upv.es\\\/collaboration-agreement-with-the-national-institute-for-mathematical-sciences-nims-of-south-korea\\\/\"]}]},{\"@type\":\"BreadcrumbList\",\"@id\":\"https:\\\/\\\/imm.webs.upv.es\\\/collaboration-agreement-with-the-national-institute-for-mathematical-sciences-nims-of-south-korea\\\/#breadcrumb\",\"itemListElement\":[{\"@type\":\"ListItem\",\"position\":1,\"name\":\"Home\",\"item\":\"https:\\\/\\\/imm.webs.upv.es\\\/\"},{\"@type\":\"ListItem\",\"position\":2,\"name\":\"Collaboration agreement with the National Institute for Mathematical Sciences (NIMS) of South Korea\"}]},{\"@type\":\"WebSite\",\"@id\":\"https:\\\/\\\/imm.webs.upv.es\\\/#website\",\"url\":\"https:\\\/\\\/imm.webs.upv.es\\\/\",\"name\":\"I. U. de Matem\u00e1tica Multidisciplinar\",\"description\":\"\",\"publisher\":{\"@id\":\"https:\\\/\\\/imm.webs.upv.es\\\/#organization\"},\"potentialAction\":[{\"@type\":\"SearchAction\",\"target\":{\"@type\":\"EntryPoint\",\"urlTemplate\":\"https:\\\/\\\/imm.webs.upv.es\\\/?s={search_term_string}\"},\"query-input\":{\"@type\":\"PropertyValueSpecification\",\"valueRequired\":true,\"valueName\":\"search_term_string\"}}],\"inLanguage\":\"es\"},{\"@type\":\"Organization\",\"@id\":\"https:\\\/\\\/imm.webs.upv.es\\\/#organization\",\"name\":\"I. U. de Matem\u00e1tica Multidisciplinar\",\"url\":\"https:\\\/\\\/imm.webs.upv.es\\\/\",\"logo\":{\"@type\":\"ImageObject\",\"inLanguage\":\"es\",\"@id\":\"https:\\\/\\\/imm.webs.upv.es\\\/#\\\/schema\\\/logo\\\/image\\\/\",\"url\":\"https:\\\/\\\/imm.webs.upv.es\\\/wp-content\\\/uploads\\\/2020\\\/11\\\/imm_blue-1.png\",\"contentUrl\":\"https:\\\/\\\/imm.webs.upv.es\\\/wp-content\\\/uploads\\\/2020\\\/11\\\/imm_blue-1.png\",\"width\":931,\"height\":498,\"caption\":\"I. U. de Matem\u00e1tica Multidisciplinar\"},\"image\":{\"@id\":\"https:\\\/\\\/imm.webs.upv.es\\\/#\\\/schema\\\/logo\\\/image\\\/\"}},{\"@type\":\"Person\",\"@id\":\"https:\\\/\\\/imm.webs.upv.es\\\/#\\\/schema\\\/person\\\/3a01efcd7e7d66b83875b866576d05f4\",\"name\":\"admin\",\"image\":{\"@type\":\"ImageObject\",\"inLanguage\":\"es\",\"@id\":\"https:\\\/\\\/secure.gravatar.com\\\/avatar\\\/493534f54da39aef6ce2003bc984565871e277e5136e50eac1c5a277c4113d39?s=96&d=mm&r=g\",\"url\":\"https:\\\/\\\/secure.gravatar.com\\\/avatar\\\/493534f54da39aef6ce2003bc984565871e277e5136e50eac1c5a277c4113d39?s=96&d=mm&r=g\",\"contentUrl\":\"https:\\\/\\\/secure.gravatar.com\\\/avatar\\\/493534f54da39aef6ce2003bc984565871e277e5136e50eac1c5a277c4113d39?s=96&d=mm&r=g\",\"caption\":\"admin\"},\"url\":\"https:\\\/\\\/imm.webs.upv.es\\\/es\\\/author\\\/admin-2\\\/\"}]}<\/script>\n<!-- \/ Yoast SEO plugin. -->","yoast_head_json":{"title":"Convenio de colaboraci\u00f3n con el National Institute for Mathematical Sciences (NIMS) de Corea del Sur - I. U. de Matem\u00e1tica Multidisciplinar","robots":{"index":"index","follow":"follow","max-snippet":"max-snippet:-1","max-image-preview":"max-image-preview:large","max-video-preview":"max-video-preview:-1"},"canonical":"https:\/\/imm.webs.upv.es\/collaboration-agreement-with-the-national-institute-for-mathematical-sciences-nims-of-south-korea\/","og_locale":"es_ES","og_type":"article","og_title":"Convenio de colaboraci\u00f3n con el National Institute for Mathematical Sciences (NIMS) de Corea del Sur - I. U. de Matem\u00e1tica Multidisciplinar","og_url":"https:\/\/imm.webs.upv.es\/collaboration-agreement-with-the-national-institute-for-mathematical-sciences-nims-of-south-korea\/","og_site_name":"I. U. de Matem\u00e1tica Multidisciplinar","article_published_time":"2025-09-12T12:46:49+00:00","article_modified_time":"2025-09-12T13:00:44+00:00","author":"admin","twitter_card":"summary_large_image","twitter_misc":{"Escrito por":"admin"},"schema":{"@context":"https:\/\/schema.org","@graph":[{"@type":"Article","@id":"https:\/\/imm.webs.upv.es\/collaboration-agreement-with-the-national-institute-for-mathematical-sciences-nims-of-south-korea\/#article","isPartOf":{"@id":"https:\/\/imm.webs.upv.es\/collaboration-agreement-with-the-national-institute-for-mathematical-sciences-nims-of-south-korea\/"},"author":{"name":"admin","@id":"https:\/\/imm.webs.upv.es\/#\/schema\/person\/3a01efcd7e7d66b83875b866576d05f4"},"headline":"Convenio de colaboraci\u00f3n con el National Institute for Mathematical Sciences (NIMS) de Corea del Sur","datePublished":"2025-09-12T12:46:49+00:00","dateModified":"2025-09-12T13:00:44+00:00","mainEntityOfPage":{"@id":"https:\/\/imm.webs.upv.es\/collaboration-agreement-with-the-national-institute-for-mathematical-sciences-nims-of-south-korea\/"},"wordCount":804,"publisher":{"@id":"https:\/\/imm.webs.upv.es\/#organization"},"articleSection":["Noticias"],"inLanguage":"es"},{"@type":"WebPage","@id":"https:\/\/imm.webs.upv.es\/collaboration-agreement-with-the-national-institute-for-mathematical-sciences-nims-of-south-korea\/","url":"https:\/\/imm.webs.upv.es\/collaboration-agreement-with-the-national-institute-for-mathematical-sciences-nims-of-south-korea\/","name":"Convenio de colaboraci\u00f3n con el National Institute for Mathematical Sciences (NIMS) de Corea del Sur - I. U. de Matem\u00e1tica Multidisciplinar","isPartOf":{"@id":"https:\/\/imm.webs.upv.es\/#website"},"datePublished":"2025-09-12T12:46:49+00:00","dateModified":"2025-09-12T13:00:44+00:00","breadcrumb":{"@id":"https:\/\/imm.webs.upv.es\/collaboration-agreement-with-the-national-institute-for-mathematical-sciences-nims-of-south-korea\/#breadcrumb"},"inLanguage":"es","potentialAction":[{"@type":"ReadAction","target":["https:\/\/imm.webs.upv.es\/collaboration-agreement-with-the-national-institute-for-mathematical-sciences-nims-of-south-korea\/"]}]},{"@type":"BreadcrumbList","@id":"https:\/\/imm.webs.upv.es\/collaboration-agreement-with-the-national-institute-for-mathematical-sciences-nims-of-south-korea\/#breadcrumb","itemListElement":[{"@type":"ListItem","position":1,"name":"Home","item":"https:\/\/imm.webs.upv.es\/"},{"@type":"ListItem","position":2,"name":"Collaboration agreement with the National Institute for Mathematical Sciences (NIMS) of South Korea"}]},{"@type":"WebSite","@id":"https:\/\/imm.webs.upv.es\/#website","url":"https:\/\/imm.webs.upv.es\/","name":"I. U. de Matem\u00e1tica Multidisciplinar","description":"","publisher":{"@id":"https:\/\/imm.webs.upv.es\/#organization"},"potentialAction":[{"@type":"SearchAction","target":{"@type":"EntryPoint","urlTemplate":"https:\/\/imm.webs.upv.es\/?s={search_term_string}"},"query-input":{"@type":"PropertyValueSpecification","valueRequired":true,"valueName":"search_term_string"}}],"inLanguage":"es"},{"@type":"Organization","@id":"https:\/\/imm.webs.upv.es\/#organization","name":"I. U. de Matem\u00e1tica Multidisciplinar","url":"https:\/\/imm.webs.upv.es\/","logo":{"@type":"ImageObject","inLanguage":"es","@id":"https:\/\/imm.webs.upv.es\/#\/schema\/logo\/image\/","url":"https:\/\/imm.webs.upv.es\/wp-content\/uploads\/2020\/11\/imm_blue-1.png","contentUrl":"https:\/\/imm.webs.upv.es\/wp-content\/uploads\/2020\/11\/imm_blue-1.png","width":931,"height":498,"caption":"I. U. de Matem\u00e1tica Multidisciplinar"},"image":{"@id":"https:\/\/imm.webs.upv.es\/#\/schema\/logo\/image\/"}},{"@type":"Person","@id":"https:\/\/imm.webs.upv.es\/#\/schema\/person\/3a01efcd7e7d66b83875b866576d05f4","name":"admin","image":{"@type":"ImageObject","inLanguage":"es","@id":"https:\/\/secure.gravatar.com\/avatar\/493534f54da39aef6ce2003bc984565871e277e5136e50eac1c5a277c4113d39?s=96&d=mm&r=g","url":"https:\/\/secure.gravatar.com\/avatar\/493534f54da39aef6ce2003bc984565871e277e5136e50eac1c5a277c4113d39?s=96&d=mm&r=g","contentUrl":"https:\/\/secure.gravatar.com\/avatar\/493534f54da39aef6ce2003bc984565871e277e5136e50eac1c5a277c4113d39?s=96&d=mm&r=g","caption":"admin"},"url":"https:\/\/imm.webs.upv.es\/es\/author\/admin-2\/"}]}},"_links":{"self":[{"href":"https:\/\/imm.webs.upv.es\/es\/wp-json\/wp\/v2\/posts\/4664","targetHints":{"allow":["GET"]}}],"collection":[{"href":"https:\/\/imm.webs.upv.es\/es\/wp-json\/wp\/v2\/posts"}],"about":[{"href":"https:\/\/imm.webs.upv.es\/es\/wp-json\/wp\/v2\/types\/post"}],"author":[{"embeddable":true,"href":"https:\/\/imm.webs.upv.es\/es\/wp-json\/wp\/v2\/users\/4"}],"replies":[{"embeddable":true,"href":"https:\/\/imm.webs.upv.es\/es\/wp-json\/wp\/v2\/comments?post=4664"}],"version-history":[{"count":6,"href":"https:\/\/imm.webs.upv.es\/es\/wp-json\/wp\/v2\/posts\/4664\/revisions"}],"predecessor-version":[{"id":4685,"href":"https:\/\/imm.webs.upv.es\/es\/wp-json\/wp\/v2\/posts\/4664\/revisions\/4685"}],"wp:attachment":[{"href":"https:\/\/imm.webs.upv.es\/es\/wp-json\/wp\/v2\/media?parent=4664"}],"wp:term":[{"taxonomy":"category","embeddable":true,"href":"https:\/\/imm.webs.upv.es\/es\/wp-json\/wp\/v2\/categories?post=4664"},{"taxonomy":"post_tag","embeddable":true,"href":"https:\/\/imm.webs.upv.es\/es\/wp-json\/wp\/v2\/tags?post=4664"}],"curies":[{"name":"wp","href":"https:\/\/api.w.org\/{rel}","templated":true}]}}